{"id":54216,"date":"2015-12-03T17:55:13","date_gmt":"2015-12-03T15:55:13","guid":{"rendered":"http:\/\/www.sana.sy\/tr\/?p=54216"},"modified":"2015-12-03T17:55:13","modified_gmt":"2015-12-03T15:55:13","slug":"teroristler-kayiplarini-itiraf-etti","status":"publish","type":"post","link":"https:\/\/archive.sana.sy\/tr\/?p=54216","title":{"rendered":"Ter\u00f6ristler Kay\u0131plar\u0131n\u0131 \u0130tiraf Etti"},"content":{"rendered":"<p>\u0130LLER \u2013 Halep, Lazkiye ve \u0130dlib k\u0131rsallar\u0131nda ihvanc\u0131 Erdo\u011fan rejiminin destekledi\u011fi \u2018\u015eam Ordusu\u2019, Nusra Cephesi ve I\u015e\u0130D ter\u00f6r \u00f6rg\u00fctlerin son 3 g\u00fcn i\u00e7inde aralar\u0131nda eleba\u015flar\u0131n bulundu\u011fu onlarca ter\u00f6ristin \u00f6ld\u00fc\u011f\u00fcn\u00fc itiraf etti.<\/p>\n<p>Ter\u00f6r \u00f6rg\u00fctleri medya ara\u00e7lar\u0131nda Halep k\u0131rsal\u0131n\u0131n g\u00fcneyinde \u2018\u015eam Ordusuna tabi Temmam el Ahmet T\u00fcmeni\u2019 ad\u0131n\u0131 verdi\u011fi ter\u00f6r \u00e7etelerinde s\u00f6zde askeri komutan Mustafa el Ali\u2019nin yan\u0131 s\u0131ra \u2018\u015eam Kolordusu\u2019, Nusra Cephesi, Faistakim Keme Umirt ve Sukur el \u011eab Toplulu\u011fu \u00e7etelerine tabi daha bir\u00e7ok tehlikeli ter\u00f6ristin aralar\u0131nda bulundu\u011fu \u00e7ok say\u0131da ter\u00f6ristin \u00f6ld\u00fc\u011f\u00fcn\u00fc itiraf etti.<\/p>\n<p>Halep k\u0131rsal\u0131n\u0131n g\u00fcneyi Tel Dadin B\u00f6lgesinde ise yerel kaynaklar ordu birliklerimizin Nusra Cephesi ve m\u00fcttefikleri di\u011fer ter\u00f6r \u00f6rg\u00fctlere kar\u015f\u0131 \u00f6nemli ba\u015far\u0131lar kaydetti\u011fini ifade ederken, yine aralar\u0131nda tehlikeli isimlerin bulundu\u011fu 15 ter\u00f6ristin \u00f6ld\u00fc\u011f\u00fcn\u00fc aktard\u0131.<\/p>\n<p>Halep k\u0131rsal\u0131n\u0131n kuzeyinde ise medya ara\u00e7lar\u0131 bir may\u0131n\u0131n patlamas\u0131 sonucunda I\u015e\u0130D\u2019in az\u0131l\u0131 eleba\u015flar\u0131ndan \u2018Ebu Temim el Cezravi\u2019nin \u00f6ld\u00fc\u011f\u00fcn\u00fc aktar\u0131rken, \u0130dlib k\u0131rsal\u0131 Kefrayya yolu yak\u0131nlar\u0131nda Nusra Cephesinin az\u0131l\u0131 komutanlar\u0131ndan \u2018Ebu Kahafa el Kerbelai\u2019 kod adl\u0131 tekfircinin arac\u0131na yerle\u015ftirilen bir bomban\u0131n patlamas\u0131yla \u00f6ld\u00fc\u011f\u00fcn\u00fc belirtti.<\/p>\n<p>Bu arada Lazkiye k\u0131rsal\u0131nda da ter\u00f6r \u00e7eteleri aralar\u0131nda yabanc\u0131lar\u0131n bulundu\u011fu bir\u00e7ok ter\u00f6ristin \u00f6ld\u00fc\u011f\u00fcn\u00fc itiraf etti.<\/p>\n","protected":false},"excerpt":{"rendered":"<p>\u0130LLER \u2013 Halep, Lazkiye ve \u0130dlib k\u0131rsallar\u0131nda ihvanc\u0131 Erdo\u011fan rejiminin destekledi\u011fi \u2018\u015eam Ordusu\u2019, Nusra Cephesi ve I\u015e\u0130D ter\u00f6r \u00f6rg\u00fctlerin son 3 g\u00fcn i\u00e7inde aralar\u0131nda eleba\u015flar\u0131n bulundu\u011fu onlarca ter\u00f6ristin \u00f6ld\u00fc\u011f\u00fcn\u00fc itiraf etti. Ter\u00f6r \u00f6rg\u00fctleri medya ara\u00e7lar\u0131nda Halep k\u0131rsal\u0131n\u0131n g\u00fcneyinde \u2018\u015eam Ordusuna tabi Temmam el Ahmet T\u00fcmeni\u2019 ad\u0131n\u0131 verdi\u011fi ter\u00f6r \u00e7etelerinde s\u00f6zde askeri komutan Mustafa el Ali\u2019nin &hellip;<\/p>\n","protected":false},"author":1,"featured_media":54217,"comment_status":"closed","ping_status":"closed","sticky":false,"template":"","format":"standard","meta":{"footnotes":""},"categories":[479,575,478],"tags":[17949],"class_list":["post-54216","post","type-post","status-publish","format-standard","has-post-thumbnail","","category-haberler-yerel","category-olaylar-ve-gercekler","category-yerel","tag-teroristler-kayiplarini-itiraf-etti"],"_links":{"self":[{"href":"https:\/\/archive.sana.sy\/tr\/index.php?rest_route=\/wp\/v2\/posts\/54216","targetHints":{"allow":["GET"]}}],"collection":[{"href":"https:\/\/archive.sana.sy\/tr\/index.php?rest_route=\/wp\/v2\/posts"}],"about":[{"href":"https:\/\/archive.sana.sy\/tr\/index.php?rest_route=\/wp\/v2\/types\/post"}],"author":[{"embeddable":true,"href":"https:\/\/archive.sana.sy\/tr\/index.php?rest_route=\/wp\/v2\/users\/1"}],"replies":[{"embeddable":true,"href":"https:\/\/archive.sana.sy\/tr\/index.php?rest_route=%2Fwp%2Fv2%2Fcomments&post=54216"}],"version-history":[{"count":0,"href":"https:\/\/archive.sana.sy\/tr\/index.php?rest_route=\/wp\/v2\/posts\/54216\/revisions"}],"wp:featuredmedia":[{"embeddable":true,"href":"https:\/\/archive.sana.sy\/tr\/index.php?rest_route=\/wp\/v2\/media\/54217"}],"wp:attachment":[{"href":"https:\/\/archive.sana.sy\/tr\/index.php?rest_route=%2Fwp%2Fv2%2Fmedia&parent=54216"}],"wp:term":[{"taxonomy":"category","embeddable":true,"href":"https:\/\/archive.sana.sy\/tr\/index.php?rest_route=%2Fwp%2Fv2%2Fcategories&post=54216"},{"taxonomy":"post_tag","embeddable":true,"href":"https:\/\/archive.sana.sy\/tr\/index.php?rest_route=%2Fwp%2Fv2%2Ftags&post=54216"}],"curies":[{"name":"wp","href":"https:\/\/api.w.org\/{rel}","templated":true}]}}