{"id":54219,"date":"2015-12-03T17:58:00","date_gmt":"2015-12-03T15:58:00","guid":{"rendered":"http:\/\/www.sana.sy\/tr\/?p=54219"},"modified":"2015-12-03T17:58:00","modified_gmt":"2015-12-03T15:58:00","slug":"uzumcu-tarihi-bir-basari-niteligi-tasiyor","status":"publish","type":"post","link":"https:\/\/archive.sana.sy\/tr\/?p=54219","title":{"rendered":"\u00dcz\u00fcmc\u00fc: Tarihi Bir Ba\u015far\u0131 Niteli\u011fi Ta\u015f\u0131yor"},"content":{"rendered":"<p>LAHEY \u2013 D\u0131\u015fi\u015fleri ve Gurbet\u00e7iler Bakan\u0131 Yard\u0131mc\u0131s\u0131 Faysal el Mikdat Uluslararas\u0131 Kimyasal Silahlar\u0131 Yasaklama \u00d6rg\u00fct\u00fcnde \u00fcye devletlerin Lahey\u2019deki toplant\u0131lar\u0131 \u00e7evresindeki temaslar\u0131n\u0131 s\u00fcrd\u00fcrd\u00fc.<\/p>\n<p>Mikdat temaslar\u0131 \u00e7er\u00e7evesinde bug\u00fcn \u00f6rg\u00fct genel m\u00fcd\u00fcr\u00fc Ahmet \u00dcz\u00fcmc\u00fc ile bir araya gelerek iki taraf aras\u0131ndaki i\u015fbirli\u011finde olumlu geli\u015fmeleri de\u011ferlendirdi.<\/p>\n<p>G\u00f6r\u00fc\u015fmede Mikdat Suriye&#8217;nin \u00f6rg\u00fct \u00fcyesi olmas\u0131yla \u00fcst\u00fcne d\u00fc\u015fen sorumluluklar\u0131 yerine getirmede harcad\u0131\u011f\u0131 \u00e7abalara \u0131\u015f\u0131k tutarken, ikili i\u015fbirli\u011fini s\u00fcrd\u00fcrme kararl\u0131l\u0131\u011f\u0131nda oldu\u011funu ifade etti.<\/p>\n<p>Tam ve yap\u0131c\u0131 i\u015fbirli\u011finden dolay\u0131 Suriye h\u00fck\u00fcmetine takdir ve \u015f\u00fckranlar\u0131n\u0131 ifade eden \u00dcz\u00fcmc\u00fc; Suriye&#8217;nin \u00fcst\u00fcne d\u00fc\u015fen sorumluluklar\u0131 yerine getirmedeki cevheri ilerlemelerin takdire \u015fayan oldu\u011funu belirtti. \u00dcz\u00fcmc\u00fc Suriye&#8217;nin \u00f6rg\u00fcte kat\u0131lmas\u0131ndan itibaren sa\u011flad\u0131\u011f\u0131 ilerlemenin Suriye ve \u00f6rg\u00fct a\u00e7\u0131s\u0131ndan tarihi bir ba\u015far\u0131 oldu\u011funu ifade etti.<\/p>\n","protected":false},"excerpt":{"rendered":"<p>LAHEY \u2013 D\u0131\u015fi\u015fleri ve Gurbet\u00e7iler Bakan\u0131 Yard\u0131mc\u0131s\u0131 Faysal el Mikdat Uluslararas\u0131 Kimyasal Silahlar\u0131 Yasaklama \u00d6rg\u00fct\u00fcnde \u00fcye devletlerin Lahey\u2019deki toplant\u0131lar\u0131 \u00e7evresindeki temaslar\u0131n\u0131 s\u00fcrd\u00fcrd\u00fc. Mikdat temaslar\u0131 \u00e7er\u00e7evesinde bug\u00fcn \u00f6rg\u00fct genel m\u00fcd\u00fcr\u00fc Ahmet \u00dcz\u00fcmc\u00fc ile bir araya gelerek iki taraf aras\u0131ndaki i\u015fbirli\u011finde olumlu geli\u015fmeleri de\u011ferlendirdi. G\u00f6r\u00fc\u015fmede Mikdat Suriye&#8217;nin \u00f6rg\u00fct \u00fcyesi olmas\u0131yla \u00fcst\u00fcne d\u00fc\u015fen sorumluluklar\u0131 yerine getirmede harcad\u0131\u011f\u0131 \u00e7abalara &hellip;<\/p>\n","protected":false},"author":1,"featured_media":54220,"comment_status":"closed","ping_status":"closed","sticky":false,"template":"","format":"standard","meta":{"footnotes":""},"categories":[458,459,447],"tags":[],"class_list":["post-54219","post","type-post","status-publish","format-standard","has-post-thumbnail","","category-dunya1","category-haberler-arap-uluslararasi-politika","category-politika"],"_links":{"self":[{"href":"https:\/\/archive.sana.sy\/tr\/index.php?rest_route=\/wp\/v2\/posts\/54219","targetHints":{"allow":["GET"]}}],"collection":[{"href":"https:\/\/archive.sana.sy\/tr\/index.php?rest_route=\/wp\/v2\/posts"}],"about":[{"href":"https:\/\/archive.sana.sy\/tr\/index.php?rest_route=\/wp\/v2\/types\/post"}],"author":[{"embeddable":true,"href":"https:\/\/archive.sana.sy\/tr\/index.php?rest_route=\/wp\/v2\/users\/1"}],"replies":[{"embeddable":true,"href":"https:\/\/archive.sana.sy\/tr\/index.php?rest_route=%2Fwp%2Fv2%2Fcomments&post=54219"}],"version-history":[{"count":0,"href":"https:\/\/archive.sana.sy\/tr\/index.php?rest_route=\/wp\/v2\/posts\/54219\/revisions"}],"wp:featuredmedia":[{"embeddable":true,"href":"https:\/\/archive.sana.sy\/tr\/index.php?rest_route=\/wp\/v2\/media\/54220"}],"wp:attachment":[{"href":"https:\/\/archive.sana.sy\/tr\/index.php?rest_route=%2Fwp%2Fv2%2Fmedia&parent=54219"}],"wp:term":[{"taxonomy":"category","embeddable":true,"href":"https:\/\/archive.sana.sy\/tr\/index.php?rest_route=%2Fwp%2Fv2%2Fcategories&post=54219"},{"taxonomy":"post_tag","embeddable":true,"href":"https:\/\/archive.sana.sy\/tr\/index.php?rest_route=%2Fwp%2Fv2%2Ftags&post=54219"}],"curies":[{"name":"wp","href":"https:\/\/api.w.org\/{rel}","templated":true}]}}