{"id":54222,"date":"2015-12-03T18:14:02","date_gmt":"2015-12-03T16:14:02","guid":{"rendered":"http:\/\/www.sana.sy\/tr\/?p=54222"},"modified":"2015-12-04T17:59:47","modified_gmt":"2015-12-04T15:59:47","slug":"esma-hanim-mezunlara-diplomalarini-dagitti","status":"publish","type":"post","link":"https:\/\/archive.sana.sy\/tr\/?p=54222","title":{"rendered":"Esma Han\u0131m Mezunlara Diplomalar\u0131n\u0131 Da\u011f\u0131tt\u0131"},"content":{"rendered":"<p>\u015eAM &#8211; AMAL Suriyeli Engelliler Organizasyonu bug\u00fcn Esma el Esad&#8217;\u0131n g\u00f6zetimi alt\u0131nda G\u00f6rsel Bilimler Mast\u0131r\u0131n\u0131n ilk mezunlar\u0131 i\u00e7in \u015eam \u00dcniversitesi ile i\u015fbirli\u011fi i\u00e7inde \u00f6d\u00fcl tereni d\u00fczenledi.<\/p>\n<p><a href=\"http:\/\/www.sana.sy\/tr\/wp-content\/uploads\/2015\/12\/Amal-1.jpg\"><img loading=\"lazy\" decoding=\"async\" class=\"alignright wp-image-54225 size-medium\" src=\"http:\/\/www.sana.sy\/tr\/wp-content\/uploads\/2015\/12\/Amal-1-300x168.jpg\" alt=\"Amal 1\" width=\"300\" height=\"168\" srcset=\"https:\/\/archive.sana.sy\/tr\/wp-content\/uploads\/2015\/12\/Amal-1-300x168.jpg 300w, https:\/\/archive.sana.sy\/tr\/wp-content\/uploads\/2015\/12\/Amal-1-150x84.jpg 150w, https:\/\/archive.sana.sy\/tr\/wp-content\/uploads\/2015\/12\/Amal-1.jpg 660w\" sizes=\"auto, (max-width: 300px) 100vw, 300px\" \/><\/a>AMAL Organizasyonunun y\u00fcr\u00fctme kurulu ba\u015fkan\u0131 Ali T\u00fcrkmeni t\u00f6rende yapt\u0131\u011f\u0131 konu\u015fmada; engellilere verilen hizmetin \u00f6nemine dikkat \u00e7ekerken bu alanda faaliyet g\u00f6steren kadrolar\u0131n uzmanla\u015fmalar\u0131na \u00f6zen g\u00f6sterildi\u011fini ifade etti.<\/p>\n<p>T\u00fcrkmeni organizasyonun \u015eam \u00dcniversitesi ile i\u015fbirli\u011fi i\u00e7inde engelli faaliyetlerin bir\u00e7ok uzmanl\u0131k dal\u0131nda \u00f6nemli ba\u015far\u0131lar kaydetti\u011fine dikkat \u00e7ekerken; iki taraf\u0131n bu ba\u011flamda \u00e7al\u0131\u015fmalar\u0131n\u0131 geni\u015fletme niyetinde olduklar\u0131n\u0131 s\u00f6yledi.<\/p>\n<p><a href=\"http:\/\/www.sana.sy\/tr\/wp-content\/uploads\/2015\/12\/Amal-2.jpg\"><img loading=\"lazy\" decoding=\"async\" class=\"alignright wp-image-54226 size-medium\" src=\"http:\/\/www.sana.sy\/tr\/wp-content\/uploads\/2015\/12\/Amal-2-300x168.jpg\" alt=\"Amal 2\" width=\"300\" height=\"168\" srcset=\"https:\/\/archive.sana.sy\/tr\/wp-content\/uploads\/2015\/12\/Amal-2-300x168.jpg 300w, https:\/\/archive.sana.sy\/tr\/wp-content\/uploads\/2015\/12\/Amal-2-150x84.jpg 150w, https:\/\/archive.sana.sy\/tr\/wp-content\/uploads\/2015\/12\/Amal-2.jpg 660w\" sizes=\"auto, (max-width: 300px) 100vw, 300px\" \/><\/a>T\u00f6ren etkinlikleri kapsam\u0131nda \u2018Sessiz Bir G\u00fcn\u2019 ad\u0131 alt\u0131nda k\u0131sa bir film g\u00f6sterisi yap\u0131l\u0131rken; engelli \u00e7ocuklar tiyatro oyunu ve daha ba\u015fka sanatsal sunumlar takdim ettiler.<\/p>\n<p>\u015eehitlerimizin an\u0131s\u0131na bir dakikal\u0131k sayg\u0131 duru\u015funun ard\u0131ndan ulusal mar\u015f ile ba\u015flayan t\u00f6renin bitiminde Esma han\u0131m mezunlara diplomalar\u0131n\u0131 da\u011f\u0131tt\u0131.<\/p>\n<p>Esma han\u0131m diplomalar\u0131 da\u011f\u0131tmadan \u00f6nce ise organizasyonun b\u00f6l\u00fcm ve \u00e7al\u0131\u015fmalar\u0131n\u0131 dola\u015farak incelemelerde bulundu.<\/p>\n<p>2002 y\u0131l\u0131nda sivil bir kurum olarak olu\u015fturulan organizasyon, k\u00e2r amac\u0131 g\u00fctmeden engellilere muhtelif alanlarda hizmet \u00e7al\u0131\u015fmalar\u0131 y\u00fcr\u00fct\u00fcyor.<\/p>\n","protected":false},"excerpt":{"rendered":"<p>\u015eAM &#8211; AMAL Suriyeli Engelliler Organizasyonu bug\u00fcn Esma el Esad&#8217;\u0131n g\u00f6zetimi alt\u0131nda G\u00f6rsel Bilimler Mast\u0131r\u0131n\u0131n ilk mezunlar\u0131 i\u00e7in \u015eam \u00dcniversitesi ile i\u015fbirli\u011fi i\u00e7inde \u00f6d\u00fcl tereni d\u00fczenledi. AMAL Organizasyonunun y\u00fcr\u00fctme kurulu ba\u015fkan\u0131 Ali T\u00fcrkmeni t\u00f6rende yapt\u0131\u011f\u0131 konu\u015fmada; engellilere verilen hizmetin \u00f6nemine dikkat \u00e7ekerken bu alanda faaliyet g\u00f6steren kadrolar\u0131n uzmanla\u015fmalar\u0131na \u00f6zen g\u00f6sterildi\u011fini ifade etti. T\u00fcrkmeni organizasyonun \u015eam &hellip;<\/p>\n","protected":false},"author":1,"featured_media":54223,"comment_status":"closed","ping_status":"closed","sticky":false,"template":"","format":"standard","meta":{"footnotes":""},"categories":[596,526,479,525,478],"tags":[],"class_list":["post-54222","post","type-post","status-publish","format-standard","has-post-thumbnail","","category-fotografli-raporlar","category-haber-ve-raporlar","category-haberler-yerel","category-toplum","category-yerel"],"_links":{"self":[{"href":"https:\/\/archive.sana.sy\/tr\/index.php?rest_route=\/wp\/v2\/posts\/54222","targetHints":{"allow":["GET"]}}],"collection":[{"href":"https:\/\/archive.sana.sy\/tr\/index.php?rest_route=\/wp\/v2\/posts"}],"about":[{"href":"https:\/\/archive.sana.sy\/tr\/index.php?rest_route=\/wp\/v2\/types\/post"}],"author":[{"embeddable":true,"href":"https:\/\/archive.sana.sy\/tr\/index.php?rest_route=\/wp\/v2\/users\/1"}],"replies":[{"embeddable":true,"href":"https:\/\/archive.sana.sy\/tr\/index.php?rest_route=%2Fwp%2Fv2%2Fcomments&post=54222"}],"version-history":[{"count":0,"href":"https:\/\/archive.sana.sy\/tr\/index.php?rest_route=\/wp\/v2\/posts\/54222\/revisions"}],"wp:featuredmedia":[{"embeddable":true,"href":"https:\/\/archive.sana.sy\/tr\/index.php?rest_route=\/wp\/v2\/media\/54223"}],"wp:attachment":[{"href":"https:\/\/archive.sana.sy\/tr\/index.php?rest_route=%2Fwp%2Fv2%2Fmedia&parent=54222"}],"wp:term":[{"taxonomy":"category","embeddable":true,"href":"https:\/\/archive.sana.sy\/tr\/index.php?rest_route=%2Fwp%2Fv2%2Fcategories&post=54222"},{"taxonomy":"post_tag","embeddable":true,"href":"https:\/\/archive.sana.sy\/tr\/index.php?rest_route=%2Fwp%2Fv2%2Ftags&post=54222"}],"curies":[{"name":"wp","href":"https:\/\/api.w.org\/{rel}","templated":true}]}}