{"id":54230,"date":"2015-12-03T19:04:31","date_gmt":"2015-12-03T17:04:31","guid":{"rendered":"http:\/\/www.sana.sy\/tr\/?p=54230"},"modified":"2015-12-03T19:11:13","modified_gmt":"2015-12-03T17:11:13","slug":"milli-takimimiz-7-sira-yukseldi","status":"publish","type":"post","link":"https:\/\/archive.sana.sy\/tr\/?p=54230","title":{"rendered":"Milli Tak\u0131m\u0131m\u0131z 7 S\u0131ra Y\u00fckseldi"},"content":{"rendered":"<p>Z\u00dcR\u0130H \u2013 Milli futbol tak\u0131m\u0131m\u0131z F\u0130FA\u2019n\u0131n bug\u00fcn yay\u0131nlad\u0131 Aral\u0131k s\u0131n\u0131fland\u0131rmas\u0131nda 7 s\u0131ra y\u00fckseldi.<\/p>\n<p><a href=\"http:\/\/www.sana.sy\/tr\/wp-content\/uploads\/2015\/12\/spor.jpg\"><img loading=\"lazy\" decoding=\"async\" class=\"alignright wp-image-54232 \" src=\"http:\/\/www.sana.sy\/tr\/wp-content\/uploads\/2015\/12\/spor-300x195.jpg\" alt=\"spor\" width=\"286\" height=\"186\" srcset=\"https:\/\/archive.sana.sy\/tr\/wp-content\/uploads\/2015\/12\/spor.jpg 300w, https:\/\/archive.sana.sy\/tr\/wp-content\/uploads\/2015\/12\/spor-150x98.jpg 150w\" sizes=\"auto, (max-width: 286px) 100vw, 286px\" \/><\/a>2018 y\u0131l\u0131nda Rusya\u2019da oynanacak D\u00fcnya Kupas\u0131 elemeleri ve 2019 y\u0131l\u0131nda Birle\u015fik Arap Emirliklerinde oynanacak Asya Kupas\u0131 elemelerinde sa\u011flad\u0131\u011f\u0131 ba\u015far\u0131lar sonucunda milli futbol tak\u0131m\u0131m\u0131z F\u0130FA\u2019n\u0131n d\u00fcnya futbol tak\u0131mlar\u0131 listesinde 254 puanla 125. s\u0131raya y\u00fckseldi. Milli tak\u0131m\u0131m\u0131z Asya tak\u0131mlar\u0131 aras\u0131nda ise 17. s\u0131radaki konumunu korudu.<\/p>\n<p>F\u0130FA listesinde Bel\u00e7ika birinci s\u0131ray\u0131 korurken ard\u0131ndan Arjantin, \u0130spanya, Almanya, \u00c7ili Brezilya, Portekiz, Kolombiya, \u0130ngiltere ve Avusturya yer ald\u0131.<\/p>\n","protected":false},"excerpt":{"rendered":"<p>Z\u00dcR\u0130H \u2013 Milli futbol tak\u0131m\u0131m\u0131z F\u0130FA\u2019n\u0131n bug\u00fcn yay\u0131nlad\u0131 Aral\u0131k s\u0131n\u0131fland\u0131rmas\u0131nda 7 s\u0131ra y\u00fckseldi. 2018 y\u0131l\u0131nda Rusya\u2019da oynanacak D\u00fcnya Kupas\u0131 elemeleri ve 2019 y\u0131l\u0131nda Birle\u015fik Arap Emirliklerinde oynanacak Asya Kupas\u0131 elemelerinde sa\u011flad\u0131\u011f\u0131 ba\u015far\u0131lar sonucunda milli futbol tak\u0131m\u0131m\u0131z F\u0130FA\u2019n\u0131n d\u00fcnya futbol tak\u0131mlar\u0131 listesinde 254 puanla 125. s\u0131raya y\u00fckseldi. Milli tak\u0131m\u0131m\u0131z Asya tak\u0131mlar\u0131 aras\u0131nda ise 17. s\u0131radaki konumunu &hellip;<\/p>\n","protected":false},"author":1,"featured_media":54231,"comment_status":"closed","ping_status":"closed","sticky":false,"template":"","format":"standard","meta":{"footnotes":""},"categories":[498,496],"tags":[17950],"class_list":["post-54230","post","type-post","status-publish","format-standard","has-post-thumbnail","","category-dunya-turnuvalari","category-spor","tag-milli-takimimiz-7-sira-yukseldi"],"_links":{"self":[{"href":"https:\/\/archive.sana.sy\/tr\/index.php?rest_route=\/wp\/v2\/posts\/54230","targetHints":{"allow":["GET"]}}],"collection":[{"href":"https:\/\/archive.sana.sy\/tr\/index.php?rest_route=\/wp\/v2\/posts"}],"about":[{"href":"https:\/\/archive.sana.sy\/tr\/index.php?rest_route=\/wp\/v2\/types\/post"}],"author":[{"embeddable":true,"href":"https:\/\/archive.sana.sy\/tr\/index.php?rest_route=\/wp\/v2\/users\/1"}],"replies":[{"embeddable":true,"href":"https:\/\/archive.sana.sy\/tr\/index.php?rest_route=%2Fwp%2Fv2%2Fcomments&post=54230"}],"version-history":[{"count":0,"href":"https:\/\/archive.sana.sy\/tr\/index.php?rest_route=\/wp\/v2\/posts\/54230\/revisions"}],"wp:featuredmedia":[{"embeddable":true,"href":"https:\/\/archive.sana.sy\/tr\/index.php?rest_route=\/wp\/v2\/media\/54231"}],"wp:attachment":[{"href":"https:\/\/archive.sana.sy\/tr\/index.php?rest_route=%2Fwp%2Fv2%2Fmedia&parent=54230"}],"wp:term":[{"taxonomy":"category","embeddable":true,"href":"https:\/\/archive.sana.sy\/tr\/index.php?rest_route=%2Fwp%2Fv2%2Fcategories&post=54230"},{"taxonomy":"post_tag","embeddable":true,"href":"https:\/\/archive.sana.sy\/tr\/index.php?rest_route=%2Fwp%2Fv2%2Ftags&post=54230"}],"curies":[{"name":"wp","href":"https:\/\/api.w.org\/{rel}","templated":true}]}}