{"id":54234,"date":"2015-12-03T19:10:37","date_gmt":"2015-12-03T17:10:37","guid":{"rendered":"http:\/\/www.sana.sy\/tr\/?p=54234"},"modified":"2015-12-03T19:10:37","modified_gmt":"2015-12-03T17:10:37","slug":"aksam-saatlerinde-sanaya-aciklama-yapan-askeri-bir-kaynak-ordu-birliklerimizin-homs-kirsalinin-dogusu-karyeteyn-daglarinin-yani-sira-temsiliye-kenti-yakinlarinda-isidin-toplanma-yerlerini-muhteval","status":"publish","type":"post","link":"https:\/\/archive.sana.sy\/tr\/?p=54234","title":{"rendered":"Ak\u015fam saatlerinde SANA&#8217;ya a\u00e7\u0131klama yapan askeri bir kaynak ordu birliklerimizin Homs k\u0131rsal\u0131n\u0131n do\u011fusu Karyeteyn Da\u011flar\u0131n\u0131n yan\u0131 s\u0131ra Temsiliye Kenti yak\u0131nlar\u0131nda I\u015e\u0130D&#8217;in toplanma yerlerini muhtevalar\u0131yla imha ettiklerini belirtti.\u200f"},"content":{"rendered":"<div class=\"PD IF\">\n<div id=\":fx.co\" class=\"JL\">\n<div id=\":g2.ma\" class=\"Mu SP\" title=\"null\">\n<div id=\":g2.co\" class=\"tL8wMe xAWnQc\" dir=\"ltr\"><span dir=\"ltr\">Ak\u015fam saatlerinde SANA&#8217;ya a\u00e7\u0131klama yapan askeri bir kaynak ordu birliklerimizin Homs k\u0131rsal\u0131n\u0131n do\u011fusu Karyeteyn Da\u011flar\u0131n\u0131n yan\u0131 s\u0131ra Temsiliye Kenti yak\u0131nlar\u0131nda I\u015e\u0130D&#8217;in toplanma yerlerini muhtevalar\u0131yla imha ettiklerini belirtti.<\/span>\u200f<\/div>\n<\/div>\n<\/div>\n<\/div>\n<p>&nbsp;<\/p>\n","protected":false},"excerpt":{"rendered":"<p>Ak\u015fam saatlerinde SANA&#8217;ya a\u00e7\u0131klama yapan askeri bir kaynak ordu birliklerimizin Homs k\u0131rsal\u0131n\u0131n do\u011fusu Karyeteyn Da\u011flar\u0131n\u0131n yan\u0131 s\u0131ra Temsiliye Kenti yak\u0131nlar\u0131nda I\u015e\u0130D&#8217;in toplanma yerlerini muhtevalar\u0131yla imha ettiklerini belirtti.\u200f &nbsp;<\/p>\n","protected":false},"author":1,"featured_media":0,"comment_status":"closed","ping_status":"closed","sticky":false,"template":"","format":"standard","meta":{"footnotes":""},"categories":[1],"tags":[],"class_list":["post-54234","post","type-post","status-publish","format-standard","","category-news-not-sorted"],"_links":{"self":[{"href":"https:\/\/archive.sana.sy\/tr\/index.php?rest_route=\/wp\/v2\/posts\/54234","targetHints":{"allow":["GET"]}}],"collection":[{"href":"https:\/\/archive.sana.sy\/tr\/index.php?rest_route=\/wp\/v2\/posts"}],"about":[{"href":"https:\/\/archive.sana.sy\/tr\/index.php?rest_route=\/wp\/v2\/types\/post"}],"author":[{"embeddable":true,"href":"https:\/\/archive.sana.sy\/tr\/index.php?rest_route=\/wp\/v2\/users\/1"}],"replies":[{"embeddable":true,"href":"https:\/\/archive.sana.sy\/tr\/index.php?rest_route=%2Fwp%2Fv2%2Fcomments&post=54234"}],"version-history":[{"count":0,"href":"https:\/\/archive.sana.sy\/tr\/index.php?rest_route=\/wp\/v2\/posts\/54234\/revisions"}],"wp:attachment":[{"href":"https:\/\/archive.sana.sy\/tr\/index.php?rest_route=%2Fwp%2Fv2%2Fmedia&parent=54234"}],"wp:term":[{"taxonomy":"category","embeddable":true,"href":"https:\/\/archive.sana.sy\/tr\/index.php?rest_route=%2Fwp%2Fv2%2Fcategories&post=54234"},{"taxonomy":"post_tag","embeddable":true,"href":"https:\/\/archive.sana.sy\/tr\/index.php?rest_route=%2Fwp%2Fv2%2Ftags&post=54234"}],"curies":[{"name":"wp","href":"https:\/\/api.w.org\/{rel}","templated":true}]}}