{"id":54237,"date":"2015-12-03T19:30:21","date_gmt":"2015-12-03T17:30:21","guid":{"rendered":"http:\/\/www.sana.sy\/tr\/?p=54237"},"modified":"2015-12-03T19:30:21","modified_gmt":"2015-12-03T17:30:21","slug":"erdogan-rejimi-irakta-da-terorle-mucadeleyi-engelliyor","status":"publish","type":"post","link":"https:\/\/archive.sana.sy\/tr\/?p=54237","title":{"rendered":"Erdo\u011fan Rejimi Irak\u2019ta da Ter\u00f6rle M\u00fccadeleyi Engelliyor"},"content":{"rendered":"<p>BA\u011eDAT \u2013 Irak Parlamentosunda G\u00fcvenlik ve Savunma Komitesi \u00fcyesi Ammar Tuma el Hmeydavi T\u00fcrkiye&#8217;deki rejimin Irak\u2019\u0131n I\u015e\u0130D\u2019e kar\u015f\u0131 sava\u015f\u0131 kapsam\u0131nda Rusya\u2019dan ald\u0131\u011f\u0131 8 helikopterin T\u00fcrkiye hava sahas\u0131ndan Irak\u2019a gitmelerini engelledi\u011fini belirtti.<\/p>\n<p>Hmeydavi Rus Sputnik Ajans\u0131n\u0131n bug\u00fcn aktard\u0131\u011f\u0131 a\u00e7\u0131klamalar\u0131nda T\u00fcrkiye&#8217;deki Erdo\u011fan rejiminin, Rus MI-28 ve MI-29 tipi 8 helikopterin Irak\u2019a ta\u015f\u0131n\u0131rken T\u00fcrkiye hava sahas\u0131n\u0131n kullan\u0131lmas\u0131na izin vermedi\u011fini s\u00f6yledi. T\u00fcrkiye rejiminin \u2018Rusya ile helikopter anla\u015fmas\u0131n\u0131n Irak\u2019ta eski h\u00fck\u00fcmet\u2019 zaman\u0131nda yap\u0131ld\u0131\u011f\u0131 gerek\u00e7esini mazeret g\u00f6sterdi\u011fini a\u00e7\u0131klayan Hmeydavi; Erdo\u011fan rejiminin bu ge\u00e7ersiz mazeretle Irak\u2019\u0131n I\u015e\u0130D ile temsil olan ter\u00f6re kar\u015f\u0131 sava\u015f\u0131n\u0131 kas\u0131tl\u0131 olarak engellemeye \u00e7al\u0131\u015ft\u0131\u011f\u0131n\u0131n alt\u0131n\u0131 \u00e7izdi.<\/p>\n<p>Hmeydavi komitenin Irak Savunma Bakanl\u0131\u011f\u0131 ve D\u0131\u015fi\u015fleri Bakanl\u0131\u011f\u0131na s\u00f6z konusu helikopterlerin Irak\u2019a ta\u015f\u0131nmas\u0131nda \u0130ran hava sahas\u0131n\u0131n kullan\u0131lmas\u0131 i\u00e7in \u00f6neride bulundu\u011funu s\u00f6yledi.<\/p>\n","protected":false},"excerpt":{"rendered":"<p>BA\u011eDAT \u2013 Irak Parlamentosunda G\u00fcvenlik ve Savunma Komitesi \u00fcyesi Ammar Tuma el Hmeydavi T\u00fcrkiye&#8217;deki rejimin Irak\u2019\u0131n I\u015e\u0130D\u2019e kar\u015f\u0131 sava\u015f\u0131 kapsam\u0131nda Rusya\u2019dan ald\u0131\u011f\u0131 8 helikopterin T\u00fcrkiye hava sahas\u0131ndan Irak\u2019a gitmelerini engelledi\u011fini belirtti. Hmeydavi Rus Sputnik Ajans\u0131n\u0131n bug\u00fcn aktard\u0131\u011f\u0131 a\u00e7\u0131klamalar\u0131nda T\u00fcrkiye&#8217;deki Erdo\u011fan rejiminin, Rus MI-28 ve MI-29 tipi 8 helikopterin Irak\u2019a ta\u015f\u0131n\u0131rken T\u00fcrkiye hava sahas\u0131n\u0131n kullan\u0131lmas\u0131na izin &hellip;<\/p>\n","protected":false},"author":1,"featured_media":54238,"comment_status":"closed","ping_status":"closed","sticky":false,"template":"","format":"standard","meta":{"footnotes":""},"categories":[458,459,447,2554,2555],"tags":[17951],"class_list":["post-54237","post","type-post","status-publish","format-standard","has-post-thumbnail","","category-dunya1","category-haberler-arap-uluslararasi-politika","category-politika","category-suriye-ve-dunya","category-suriye-ve-turkiye","tag-erdogan-rejimi-irakta-da-terorle-mucadeleyi-engelliyor"],"_links":{"self":[{"href":"https:\/\/archive.sana.sy\/tr\/index.php?rest_route=\/wp\/v2\/posts\/54237","targetHints":{"allow":["GET"]}}],"collection":[{"href":"https:\/\/archive.sana.sy\/tr\/index.php?rest_route=\/wp\/v2\/posts"}],"about":[{"href":"https:\/\/archive.sana.sy\/tr\/index.php?rest_route=\/wp\/v2\/types\/post"}],"author":[{"embeddable":true,"href":"https:\/\/archive.sana.sy\/tr\/index.php?rest_route=\/wp\/v2\/users\/1"}],"replies":[{"embeddable":true,"href":"https:\/\/archive.sana.sy\/tr\/index.php?rest_route=%2Fwp%2Fv2%2Fcomments&post=54237"}],"version-history":[{"count":0,"href":"https:\/\/archive.sana.sy\/tr\/index.php?rest_route=\/wp\/v2\/posts\/54237\/revisions"}],"wp:featuredmedia":[{"embeddable":true,"href":"https:\/\/archive.sana.sy\/tr\/index.php?rest_route=\/wp\/v2\/media\/54238"}],"wp:attachment":[{"href":"https:\/\/archive.sana.sy\/tr\/index.php?rest_route=%2Fwp%2Fv2%2Fmedia&parent=54237"}],"wp:term":[{"taxonomy":"category","embeddable":true,"href":"https:\/\/archive.sana.sy\/tr\/index.php?rest_route=%2Fwp%2Fv2%2Fcategories&post=54237"},{"taxonomy":"post_tag","embeddable":true,"href":"https:\/\/archive.sana.sy\/tr\/index.php?rest_route=%2Fwp%2Fv2%2Ftags&post=54237"}],"curies":[{"name":"wp","href":"https:\/\/api.w.org\/{rel}","templated":true}]}}