{"id":54292,"date":"2015-12-04T17:04:09","date_gmt":"2015-12-04T15:04:09","guid":{"rendered":"http:\/\/www.sana.sy\/tr\/?p=54292"},"modified":"2015-12-04T17:04:09","modified_gmt":"2015-12-04T15:04:09","slug":"isidin-komuta-karargahlari-ve-araclari-imha-edildi","status":"publish","type":"post","link":"https:\/\/archive.sana.sy\/tr\/?p=54292","title":{"rendered":"I\u015e\u0130D\u2019in Komuta Karargahlar\u0131 ve Ara\u00e7lar\u0131 \u0130mha Edildi"},"content":{"rendered":"<p>HOMS \u2013 Hava g\u00fc\u00e7lerimiz bug\u00fcn Homs k\u0131rsal\u0131n\u0131n do\u011fusu ve g\u00fcney do\u011fusunda I\u015e\u0130D karargahlar\u0131 ve toplanma yerlerini imha etti.<\/p>\n<p>SANA\u2019ya a\u00e7\u0131klama yapan askeri bir kaynak hava operasyonlar\u0131nda Tedmur\u2019un civar\u0131na ilaveten Homs Kentinden yakla\u015f\u0131k 70 km uzakl\u0131kta Homs \u2013 Deyrezzor yolu \u00fczerine d\u00fc\u015fen Suhna Kenti yak\u0131nlar\u0131nda I\u015e\u0130D komuta karargahlar\u0131n\u0131n yan\u0131 s\u0131ra bir k\u0131sm\u0131 a\u011f\u0131r silahlarla donat\u0131lm\u0131\u015f \u00e7ok say\u0131da arac\u0131n ta\u015f\u0131d\u0131klar\u0131 ter\u00f6rist ve cephaneyle birlikte imha edildiklerini belirtti.<\/p>\n<p>Hava g\u00fc\u00e7lerimizin Homs k\u0131rsal\u0131n\u0131n g\u00fcneydo\u011fusu Savvana ve Hneyfiys b\u00f6lgelerinde yine I\u015e\u0130D tekfircilerinin komuta karargahlar\u0131 ve toplanma yerlerini imha ettiklerini ifade eden kaynak; burada da bir\u00e7ok arac\u0131 ta\u015f\u0131d\u0131\u011f\u0131 ter\u00f6rist ve cephaneyle birlikte imha ettiklerini s\u00f6yledi.<\/p>\n<p>Bu arada ordu birliklerimiz d\u00fcn Karyeteyn Kenti civar\u0131nda I\u015e\u0130D\u2019e ait bombal\u0131 bir BMB arac\u0131n\u0131n yan\u0131 s\u0131ra 15 arac\u0131 ta\u015f\u0131d\u0131\u011f\u0131 tekfirciler ve cephaneyle birlikte imha etmi\u015flerdi.<\/p>\n","protected":false},"excerpt":{"rendered":"<p>HOMS \u2013 Hava g\u00fc\u00e7lerimiz bug\u00fcn Homs k\u0131rsal\u0131n\u0131n do\u011fusu ve g\u00fcney do\u011fusunda I\u015e\u0130D karargahlar\u0131 ve toplanma yerlerini imha etti. SANA\u2019ya a\u00e7\u0131klama yapan askeri bir kaynak hava operasyonlar\u0131nda Tedmur\u2019un civar\u0131na ilaveten Homs Kentinden yakla\u015f\u0131k 70 km uzakl\u0131kta Homs \u2013 Deyrezzor yolu \u00fczerine d\u00fc\u015fen Suhna Kenti yak\u0131nlar\u0131nda I\u015e\u0130D komuta karargahlar\u0131n\u0131n yan\u0131 s\u0131ra bir k\u0131sm\u0131 a\u011f\u0131r silahlarla donat\u0131lm\u0131\u015f \u00e7ok &hellip;<\/p>\n","protected":false},"author":1,"featured_media":54293,"comment_status":"closed","ping_status":"closed","sticky":false,"template":"","format":"standard","meta":{"footnotes":""},"categories":[575],"tags":[17961],"class_list":["post-54292","post","type-post","status-publish","format-standard","has-post-thumbnail","","category-olaylar-ve-gercekler","tag-isidin-komuta-karargahlari-ve-araclari-imha-edildi"],"_links":{"self":[{"href":"https:\/\/archive.sana.sy\/tr\/index.php?rest_route=\/wp\/v2\/posts\/54292","targetHints":{"allow":["GET"]}}],"collection":[{"href":"https:\/\/archive.sana.sy\/tr\/index.php?rest_route=\/wp\/v2\/posts"}],"about":[{"href":"https:\/\/archive.sana.sy\/tr\/index.php?rest_route=\/wp\/v2\/types\/post"}],"author":[{"embeddable":true,"href":"https:\/\/archive.sana.sy\/tr\/index.php?rest_route=\/wp\/v2\/users\/1"}],"replies":[{"embeddable":true,"href":"https:\/\/archive.sana.sy\/tr\/index.php?rest_route=%2Fwp%2Fv2%2Fcomments&post=54292"}],"version-history":[{"count":0,"href":"https:\/\/archive.sana.sy\/tr\/index.php?rest_route=\/wp\/v2\/posts\/54292\/revisions"}],"wp:featuredmedia":[{"embeddable":true,"href":"https:\/\/archive.sana.sy\/tr\/index.php?rest_route=\/wp\/v2\/media\/54293"}],"wp:attachment":[{"href":"https:\/\/archive.sana.sy\/tr\/index.php?rest_route=%2Fwp%2Fv2%2Fmedia&parent=54292"}],"wp:term":[{"taxonomy":"category","embeddable":true,"href":"https:\/\/archive.sana.sy\/tr\/index.php?rest_route=%2Fwp%2Fv2%2Fcategories&post=54292"},{"taxonomy":"post_tag","embeddable":true,"href":"https:\/\/archive.sana.sy\/tr\/index.php?rest_route=%2Fwp%2Fv2%2Ftags&post=54292"}],"curies":[{"name":"wp","href":"https:\/\/api.w.org\/{rel}","templated":true}]}}