{"id":54295,"date":"2015-12-04T17:12:16","date_gmt":"2015-12-04T15:12:16","guid":{"rendered":"http:\/\/www.sana.sy\/tr\/?p=54295"},"modified":"2015-12-04T17:12:16","modified_gmt":"2015-12-04T15:12:16","slug":"savas-ve-medya-gurultusunden-baska-bir-sey-degildir","status":"publish","type":"post","link":"https:\/\/archive.sana.sy\/tr\/?p=54295","title":{"rendered":"Sava\u015f ve Medya G\u00fcr\u00fclt\u00fcs\u00fcnden Ba\u015fka Bir \u015eey De\u011fildir"},"content":{"rendered":"<p>\u015eAM \u2013 Enformasyon Bakan\u0131 Omran el Zoubi \u0130ngiltere\u2019nin Suriye&#8217;de I\u015e\u0130D\u2019e kar\u015f\u0131 s\u00f6zde bulundu\u011fu hava operasyonlar\u0131n\u0131 \u2018sava\u015f ve medya g\u00fcr\u00fclt\u00fcs\u00fc\u2019 olarak nitelendirerek sahada hi\u00e7bir etkisi olmad\u0131\u011f\u0131n\u0131 belirtti.<\/p>\n<p>Bakan Zoubi bug\u00fcn BBC Kanal\u0131na yapt\u0131\u011f\u0131 a\u00e7\u0131klamada; Suriye&#8217;nin ter\u00f6re kar\u015f\u0131 her \u00e7abay\u0131 memnuniyetle kar\u015f\u0131lad\u0131\u011f\u0131n\u0131 ifade ederken; fakat I\u015e\u0130D\u2019e kar\u015f\u0131 ciddi bir m\u00fccadele vermek isteyen t\u00fcm taraflar\u0131n Rusya\u2019y\u0131 \u00f6rnek al\u0131p Suriye h\u00fck\u00fcmeti ile koordinasyon i\u00e7inde olmas\u0131 gerekti\u011finin de alt\u0131n\u0131 \u00e7izdi. Suriye ordusu ve h\u00fck\u00fcmetiyle koordinasyon i\u00e7inde olmayacak her hangi bir taraf\u0131n fiili olarak I\u015e\u0130D\u2019e kar\u015f\u0131 sava\u015fmad\u0131\u011f\u0131n\u0131 belirten Bakan Zoubi; bu taraflar\u0131n bu gibi \u00e7abalarla sadece halk\u0131 ve kamuoyu \u00f6n\u00fcnde I\u015e\u0130D\u2019e kar\u015f\u0131 sava\u015ft\u0131\u011f\u0131 imaj\u0131 yaratmak istedi\u011fini vurgulad\u0131.<\/p>\n","protected":false},"excerpt":{"rendered":"<p>\u015eAM \u2013 Enformasyon Bakan\u0131 Omran el Zoubi \u0130ngiltere\u2019nin Suriye&#8217;de I\u015e\u0130D\u2019e kar\u015f\u0131 s\u00f6zde bulundu\u011fu hava operasyonlar\u0131n\u0131 \u2018sava\u015f ve medya g\u00fcr\u00fclt\u00fcs\u00fc\u2019 olarak nitelendirerek sahada hi\u00e7bir etkisi olmad\u0131\u011f\u0131n\u0131 belirtti. Bakan Zoubi bug\u00fcn BBC Kanal\u0131na yapt\u0131\u011f\u0131 a\u00e7\u0131klamada; Suriye&#8217;nin ter\u00f6re kar\u015f\u0131 her \u00e7abay\u0131 memnuniyetle kar\u015f\u0131lad\u0131\u011f\u0131n\u0131 ifade ederken; fakat I\u015e\u0130D\u2019e kar\u015f\u0131 ciddi bir m\u00fccadele vermek isteyen t\u00fcm taraflar\u0131n Rusya\u2019y\u0131 \u00f6rnek al\u0131p &hellip;<\/p>\n","protected":false},"author":1,"featured_media":54296,"comment_status":"closed","ping_status":"closed","sticky":false,"template":"","format":"standard","meta":{"footnotes":""},"categories":[479,447,478],"tags":[17962],"class_list":["post-54295","post","type-post","status-publish","format-standard","has-post-thumbnail","","category-haberler-yerel","category-politika","category-yerel","tag-savas-ve-medya-gurultusunden-baska-bir-sey-degildir"],"_links":{"self":[{"href":"https:\/\/archive.sana.sy\/tr\/index.php?rest_route=\/wp\/v2\/posts\/54295","targetHints":{"allow":["GET"]}}],"collection":[{"href":"https:\/\/archive.sana.sy\/tr\/index.php?rest_route=\/wp\/v2\/posts"}],"about":[{"href":"https:\/\/archive.sana.sy\/tr\/index.php?rest_route=\/wp\/v2\/types\/post"}],"author":[{"embeddable":true,"href":"https:\/\/archive.sana.sy\/tr\/index.php?rest_route=\/wp\/v2\/users\/1"}],"replies":[{"embeddable":true,"href":"https:\/\/archive.sana.sy\/tr\/index.php?rest_route=%2Fwp%2Fv2%2Fcomments&post=54295"}],"version-history":[{"count":0,"href":"https:\/\/archive.sana.sy\/tr\/index.php?rest_route=\/wp\/v2\/posts\/54295\/revisions"}],"wp:featuredmedia":[{"embeddable":true,"href":"https:\/\/archive.sana.sy\/tr\/index.php?rest_route=\/wp\/v2\/media\/54296"}],"wp:attachment":[{"href":"https:\/\/archive.sana.sy\/tr\/index.php?rest_route=%2Fwp%2Fv2%2Fmedia&parent=54295"}],"wp:term":[{"taxonomy":"category","embeddable":true,"href":"https:\/\/archive.sana.sy\/tr\/index.php?rest_route=%2Fwp%2Fv2%2Fcategories&post=54295"},{"taxonomy":"post_tag","embeddable":true,"href":"https:\/\/archive.sana.sy\/tr\/index.php?rest_route=%2Fwp%2Fv2%2Ftags&post=54295"}],"curies":[{"name":"wp","href":"https:\/\/api.w.org\/{rel}","templated":true}]}}