{"id":54298,"date":"2015-12-04T17:29:56","date_gmt":"2015-12-04T15:29:56","guid":{"rendered":"http:\/\/www.sana.sy\/tr\/?p=54298"},"modified":"2015-12-04T17:29:56","modified_gmt":"2015-12-04T15:29:56","slug":"askeri-kaynak-ordu-birliklerimizin-halk-savunma-gucleriyle-isbirligi-icinde-lazkiye-kirsalinin-kuzeydogusu-hmmayda-tepesi-ve-ketf-el-ziyara-bolgelerini-erdogan-destekli-terorden-temizleyip-kontrolle","status":"publish","type":"post","link":"https:\/\/archive.sana.sy\/tr\/?p=54298","title":{"rendered":"Askeri kaynak; ordu birliklerimizin halk savunma g\u00fc\u00e7leriyle i\u015fbirli\u011fi i\u00e7inde Lazkiye k\u0131rsal\u0131n\u0131n kuzeydo\u011fusu  Hmmayda Tepesi ve Ketf el Ziyara b\u00f6lgelerini Erdo\u011fan destekli ter\u00f6rden temizleyip kontrollerine ge\u00e7irdiklerini beyan etti.\u200f"},"content":{"rendered":"<p>Askeri kaynak; ordu birliklerimizin halk savunma g\u00fc\u00e7leriyle i\u015fbirli\u011fi i\u00e7inde Lazkiye k\u0131rsal\u0131n\u0131n kuzeydo\u011fusu Hmmayda Tepesi ve Ketf el Ziyara b\u00f6lgelerini Erdo\u011fan destekli ter\u00f6rden temizleyip kontrollerine ge\u00e7irdiklerini beyan etti.\u200f<\/p>\n","protected":false},"excerpt":{"rendered":"<p>Askeri kaynak; ordu birliklerimizin halk savunma g\u00fc\u00e7leriyle i\u015fbirli\u011fi i\u00e7inde Lazkiye k\u0131rsal\u0131n\u0131n kuzeydo\u011fusu Hmmayda Tepesi ve Ketf el Ziyara b\u00f6lgelerini Erdo\u011fan destekli ter\u00f6rden temizleyip kontrollerine ge\u00e7irdiklerini beyan etti.\u200f<\/p>\n","protected":false},"author":1,"featured_media":0,"comment_status":"closed","ping_status":"closed","sticky":false,"template":"","format":"standard","meta":{"footnotes":""},"categories":[1],"tags":[],"class_list":["post-54298","post","type-post","status-publish","format-standard","","category-news-not-sorted"],"_links":{"self":[{"href":"https:\/\/archive.sana.sy\/tr\/index.php?rest_route=\/wp\/v2\/posts\/54298","targetHints":{"allow":["GET"]}}],"collection":[{"href":"https:\/\/archive.sana.sy\/tr\/index.php?rest_route=\/wp\/v2\/posts"}],"about":[{"href":"https:\/\/archive.sana.sy\/tr\/index.php?rest_route=\/wp\/v2\/types\/post"}],"author":[{"embeddable":true,"href":"https:\/\/archive.sana.sy\/tr\/index.php?rest_route=\/wp\/v2\/users\/1"}],"replies":[{"embeddable":true,"href":"https:\/\/archive.sana.sy\/tr\/index.php?rest_route=%2Fwp%2Fv2%2Fcomments&post=54298"}],"version-history":[{"count":0,"href":"https:\/\/archive.sana.sy\/tr\/index.php?rest_route=\/wp\/v2\/posts\/54298\/revisions"}],"wp:attachment":[{"href":"https:\/\/archive.sana.sy\/tr\/index.php?rest_route=%2Fwp%2Fv2%2Fmedia&parent=54298"}],"wp:term":[{"taxonomy":"category","embeddable":true,"href":"https:\/\/archive.sana.sy\/tr\/index.php?rest_route=%2Fwp%2Fv2%2Fcategories&post=54298"},{"taxonomy":"post_tag","embeddable":true,"href":"https:\/\/archive.sana.sy\/tr\/index.php?rest_route=%2Fwp%2Fv2%2Ftags&post=54298"}],"curies":[{"name":"wp","href":"https:\/\/api.w.org\/{rel}","templated":true}]}}