{"id":54300,"date":"2015-12-04T17:40:51","date_gmt":"2015-12-04T15:40:51","guid":{"rendered":"http:\/\/www.sana.sy\/tr\/?p=54300"},"modified":"2015-12-04T17:40:51","modified_gmt":"2015-12-04T15:40:51","slug":"maruz-kaldigimiz-baskilara-boyun-egmeyecegiz","status":"publish","type":"post","link":"https:\/\/archive.sana.sy\/tr\/?p=54300","title":{"rendered":"Maruz kald\u0131\u011f\u0131m\u0131z Bask\u0131lara Boyun E\u011fmeyece\u011fiz"},"content":{"rendered":"<p>PRAG \u2013 \u00c7ek Cumhuriyeti Ba\u015fkanl\u0131k Saray\u0131nda Uluslararas\u0131 B\u00f6l\u00fcm Ba\u015fkan\u0131 Hynek Kmonicek \u00fclkesinin Suriye ile ili\u015fkilerinin engellenmesi ve ekonomik i\u015fbirli\u011fini kesmesi amac\u0131yla \u00f6zellikle Fransa olmak \u00fczere Bat\u0131l\u0131 bir\u00e7ok devletten b\u00fcy\u00fck bask\u0131lar g\u00f6rd\u00fc\u011f\u00fcn\u00fc de\u015fifre etti.<\/p>\n<p>Kmonicek \u00c7ekli onlarca \u015firket ve i\u015fadam\u0131n\u0131n kat\u0131l\u0131m\u0131yla d\u00fcn Suriye&#8217;de yeniden yap\u0131lanma toplulu\u011funun te\u015fkil edilmesi etkinli\u011finde yapt\u0131\u011f\u0131 konu\u015fmada \u00c7ek Cumhuriyetinin Suriye ile t\u00fcm ili\u015fkilerini kesmesi i\u00e7in Bat\u0131l\u0131 devletlerden b\u00fcy\u00fck bask\u0131lara maruz kald\u0131\u011f\u0131n\u0131, fakat bu bask\u0131lara kulak asmayaca\u011f\u0131n\u0131 ifade etti.<\/p>\n<p>\u00dclkesinin Suriye&#8217;de yeniden yap\u0131lanma s\u00fcrecine b\u00fcy\u00fck \u00f6nem g\u00f6sterdi\u011fini ortaya koyan Kmonicek; bu konuya ilgisi kapsam\u0131nda d\u0131\u015fi\u015fleri bakan\u0131na Suriye&#8217;de yeniden yap\u0131lanma s\u00fcreciyle ilgilenecek ve ekonomik i\u015fbirli\u011fini g\u00f6zlemleyip denetleyecek \u00f6zel bir m\u00fcste\u015far atad\u0131\u011f\u0131n\u0131 a\u00e7\u0131klad\u0131. Kmonicek \u00c7ek otoritelerinin \u00c7ekli i\u015fadamlar\u0131 ve \u015firketleri Suriye&#8217;de yeniden yap\u0131land\u0131rma s\u00fcrecine kat\u0131lmalar\u0131 i\u00e7in te\u015fvik edece\u011fini de ifade etti.<\/p>\n<p>Etkinli\u011fe kat\u0131lan Suriye&#8217;nin Prag Maslahatg\u00fczar\u0131 Be\u015f\u015far Akbik iki \u00fclke aras\u0131ndaki i\u015fbirli\u011fi i\u00e7in sa\u011flam bir zemin ve geni\u015f alanlar\u0131n bulundu\u011funa dikkat \u00e7ekti.<\/p>\n","protected":false},"excerpt":{"rendered":"<p>PRAG \u2013 \u00c7ek Cumhuriyeti Ba\u015fkanl\u0131k Saray\u0131nda Uluslararas\u0131 B\u00f6l\u00fcm Ba\u015fkan\u0131 Hynek Kmonicek \u00fclkesinin Suriye ile ili\u015fkilerinin engellenmesi ve ekonomik i\u015fbirli\u011fini kesmesi amac\u0131yla \u00f6zellikle Fransa olmak \u00fczere Bat\u0131l\u0131 bir\u00e7ok devletten b\u00fcy\u00fck bask\u0131lar g\u00f6rd\u00fc\u011f\u00fcn\u00fc de\u015fifre etti. Kmonicek \u00c7ekli onlarca \u015firket ve i\u015fadam\u0131n\u0131n kat\u0131l\u0131m\u0131yla d\u00fcn Suriye&#8217;de yeniden yap\u0131lanma toplulu\u011funun te\u015fkil edilmesi etkinli\u011finde yapt\u0131\u011f\u0131 konu\u015fmada \u00c7ek Cumhuriyetinin Suriye ile t\u00fcm &hellip;<\/p>\n","protected":false},"author":1,"featured_media":54286,"comment_status":"closed","ping_status":"closed","sticky":false,"template":"","format":"standard","meta":{"footnotes":""},"categories":[458,459,447],"tags":[17963],"class_list":["post-54300","post","type-post","status-publish","format-standard","has-post-thumbnail","","category-dunya1","category-haberler-arap-uluslararasi-politika","category-politika","tag-maruz-kaldigimiz-baskilara-boyun-egmeyecegiz"],"_links":{"self":[{"href":"https:\/\/archive.sana.sy\/tr\/index.php?rest_route=\/wp\/v2\/posts\/54300","targetHints":{"allow":["GET"]}}],"collection":[{"href":"https:\/\/archive.sana.sy\/tr\/index.php?rest_route=\/wp\/v2\/posts"}],"about":[{"href":"https:\/\/archive.sana.sy\/tr\/index.php?rest_route=\/wp\/v2\/types\/post"}],"author":[{"embeddable":true,"href":"https:\/\/archive.sana.sy\/tr\/index.php?rest_route=\/wp\/v2\/users\/1"}],"replies":[{"embeddable":true,"href":"https:\/\/archive.sana.sy\/tr\/index.php?rest_route=%2Fwp%2Fv2%2Fcomments&post=54300"}],"version-history":[{"count":0,"href":"https:\/\/archive.sana.sy\/tr\/index.php?rest_route=\/wp\/v2\/posts\/54300\/revisions"}],"wp:featuredmedia":[{"embeddable":true,"href":"https:\/\/archive.sana.sy\/tr\/index.php?rest_route=\/wp\/v2\/media\/54286"}],"wp:attachment":[{"href":"https:\/\/archive.sana.sy\/tr\/index.php?rest_route=%2Fwp%2Fv2%2Fmedia&parent=54300"}],"wp:term":[{"taxonomy":"category","embeddable":true,"href":"https:\/\/archive.sana.sy\/tr\/index.php?rest_route=%2Fwp%2Fv2%2Fcategories&post=54300"},{"taxonomy":"post_tag","embeddable":true,"href":"https:\/\/archive.sana.sy\/tr\/index.php?rest_route=%2Fwp%2Fv2%2Ftags&post=54300"}],"curies":[{"name":"wp","href":"https:\/\/api.w.org\/{rel}","templated":true}]}}