{"id":54302,"date":"2015-12-04T17:45:45","date_gmt":"2015-12-04T15:45:45","guid":{"rendered":"http:\/\/www.sana.sy\/tr\/?p=54302"},"modified":"2015-12-05T18:54:18","modified_gmt":"2015-12-05T16:54:18","slug":"gundem-suriyedeki-son-durum-ve-teror-finans-kanallarinin-kesilmesi","status":"publish","type":"post","link":"https:\/\/archive.sana.sy\/tr\/?p=54302","title":{"rendered":"G\u00fcndem, Suriye&#8217;deki Son Durum ve Ter\u00f6r Finans Kanallar\u0131n\u0131n Kesilmesi"},"content":{"rendered":"<p>MOSKOVA \u2013 Rusya Ba\u015fkan\u0131 Vladimir Putin bug\u00fcn Rus G\u00fcvenlik Meclisi ile bir araya gelerek, ter\u00f6r finans kanallar\u0131n\u0131n kesilmesi dahil olmak \u00fczere Suriye&#8217;deki son durum ve geli\u015fmeleri masaya yat\u0131rd\u0131.<\/p>\n<p>Rusya Ba\u015fkanl\u0131k Saray\u0131 Kremlin\u2019in bas\u0131n s\u00f6zc\u00fcs\u00fc Dimitry Peskov RT Kanal\u0131n\u0131n aktard\u0131\u011f\u0131 bas\u0131n a\u00e7\u0131klamalar\u0131nda oturumda ter\u00f6r finans kanallar\u0131n\u0131n ara\u015ft\u0131r\u0131lmas\u0131 ve bu kanallar\u0131 kesme \u00e7abalar\u0131n\u0131n s\u00fcrd\u00fcr\u00fclmesi \u00fczerine odaklan\u0131ld\u0131\u011f\u0131n\u0131 belirtti.<\/p>\n<p>Rusya Savunma Bakanl\u0131\u011f\u0131 birka\u00e7 g\u00fcn \u00f6nce I\u015e\u0130D ve di\u011fer ter\u00f6r \u00f6rg\u00fctlerin Suriye ve Irak\u2019tan \u00e7ald\u0131klar\u0131 petrol\u00fc T\u00fcrkiye rejiminin i\u015fbirli\u011fi ile T\u00fcrkiye&#8217;ye nas\u0131l ta\u015f\u0131d\u0131\u011f\u0131n\u0131 g\u00f6steren g\u00f6r\u00fcnt\u00fcler yay\u0131nlam\u0131\u015f ve ter\u00f6ristlerin Erdo\u011fan rejiminin i\u015fbirli\u011fi ile milyarlarca dolar finans elde etti\u011fini belirtmi\u015fti.<\/p>\n<p>Di\u011fer yandan Peskov ter\u00f6rle m\u00fccadele konusunda Rusya ile \u0130ngiltere aras\u0131nda ne siyasi ne de askeri hi\u00e7bir ba\u011flant\u0131n\u0131n bulunmad\u0131\u011f\u0131n\u0131 belirtti.<\/p>\n","protected":false},"excerpt":{"rendered":"<p>MOSKOVA \u2013 Rusya Ba\u015fkan\u0131 Vladimir Putin bug\u00fcn Rus G\u00fcvenlik Meclisi ile bir araya gelerek, ter\u00f6r finans kanallar\u0131n\u0131n kesilmesi dahil olmak \u00fczere Suriye&#8217;deki son durum ve geli\u015fmeleri masaya yat\u0131rd\u0131. Rusya Ba\u015fkanl\u0131k Saray\u0131 Kremlin\u2019in bas\u0131n s\u00f6zc\u00fcs\u00fc Dimitry Peskov RT Kanal\u0131n\u0131n aktard\u0131\u011f\u0131 bas\u0131n a\u00e7\u0131klamalar\u0131nda oturumda ter\u00f6r finans kanallar\u0131n\u0131n ara\u015ft\u0131r\u0131lmas\u0131 ve bu kanallar\u0131 kesme \u00e7abalar\u0131n\u0131n s\u00fcrd\u00fcr\u00fclmesi \u00fczerine odaklan\u0131ld\u0131\u011f\u0131n\u0131 belirtti. &hellip;<\/p>\n","protected":false},"author":1,"featured_media":54304,"comment_status":"closed","ping_status":"closed","sticky":false,"template":"","format":"standard","meta":{"footnotes":""},"categories":[458,459,2554,2555],"tags":[11404,17964],"class_list":["post-54302","post","type-post","status-publish","format-standard","has-post-thumbnail","","category-dunya1","category-haberler-arap-uluslararasi-politika","category-suriye-ve-dunya","category-suriye-ve-turkiye","tag-gundem","tag-suriyedeki-son-durum-ve-teror-finans-kanallarinin-kesilmesi"],"_links":{"self":[{"href":"https:\/\/archive.sana.sy\/tr\/index.php?rest_route=\/wp\/v2\/posts\/54302","targetHints":{"allow":["GET"]}}],"collection":[{"href":"https:\/\/archive.sana.sy\/tr\/index.php?rest_route=\/wp\/v2\/posts"}],"about":[{"href":"https:\/\/archive.sana.sy\/tr\/index.php?rest_route=\/wp\/v2\/types\/post"}],"author":[{"embeddable":true,"href":"https:\/\/archive.sana.sy\/tr\/index.php?rest_route=\/wp\/v2\/users\/1"}],"replies":[{"embeddable":true,"href":"https:\/\/archive.sana.sy\/tr\/index.php?rest_route=%2Fwp%2Fv2%2Fcomments&post=54302"}],"version-history":[{"count":0,"href":"https:\/\/archive.sana.sy\/tr\/index.php?rest_route=\/wp\/v2\/posts\/54302\/revisions"}],"wp:featuredmedia":[{"embeddable":true,"href":"https:\/\/archive.sana.sy\/tr\/index.php?rest_route=\/wp\/v2\/media\/54304"}],"wp:attachment":[{"href":"https:\/\/archive.sana.sy\/tr\/index.php?rest_route=%2Fwp%2Fv2%2Fmedia&parent=54302"}],"wp:term":[{"taxonomy":"category","embeddable":true,"href":"https:\/\/archive.sana.sy\/tr\/index.php?rest_route=%2Fwp%2Fv2%2Fcategories&post=54302"},{"taxonomy":"post_tag","embeddable":true,"href":"https:\/\/archive.sana.sy\/tr\/index.php?rest_route=%2Fwp%2Fv2%2Ftags&post=54302"}],"curies":[{"name":"wp","href":"https:\/\/api.w.org\/{rel}","templated":true}]}}