{"id":54309,"date":"2015-12-04T18:33:14","date_gmt":"2015-12-04T16:33:14","guid":{"rendered":"http:\/\/www.sana.sy\/tr\/?p=54309"},"modified":"2015-12-04T18:33:14","modified_gmt":"2015-12-04T16:33:14","slug":"erdogan-rejimine-petrol-satisini-kanitlayan-belgeler-var","status":"publish","type":"post","link":"https:\/\/archive.sana.sy\/tr\/?p=54309","title":{"rendered":"Erdo\u011fan Rejimine Petrol Sat\u0131\u015f\u0131n\u0131 Kan\u0131tlayan Belgeler Var"},"content":{"rendered":"<p>TAHRAN \u2013 \u0130ran Rejim \u00c7\u0131karlar\u0131n\u0131 G\u00f6zetleme Sekreteri Muhsin R\u0131zai; \u0130ran\u2019\u0131n elinde I\u015e\u0130D\u2019in T\u00fcrkiye&#8217;deki rejime \u00e7al\u0131nt\u0131 petrol satt\u0131\u011f\u0131n\u0131 kan\u0131tlayan belgeler bulundu\u011funu belirtti.<\/p>\n<p>R\u0131zai Fars Ajans\u0131n\u0131n aktard\u0131\u011f\u0131 a\u00e7\u0131klamalar\u0131nda Suriye&#8217;de g\u00f6rev yapan \u0130ranl\u0131 m\u00fcste\u015farlar\u0131n; I\u015e\u0130D \u00d6rg\u00fct\u00fcn\u00fcn T\u00fcrkiye&#8217;ye \u00e7al\u0131nt\u0131 petrol ta\u015f\u0131ma g\u00fczergahlar\u0131n\u0131 belgelediklerini belirterek, bu belgelerin yay\u0131nlanabilece\u011fini ifade etti. T\u00fcrkiye h\u00fck\u00fcmetinin I\u015e\u0130D\u2019\u0130n T\u00fcrkiye&#8217;ye petrol sat\u0131\u015f\u0131na ili\u015fkin bilgisi olmad\u0131\u011f\u0131n\u0131 iddia etmesi halinde \u0130ran\u2019\u0131n konuya ili\u015fkin elindeki t\u00fcm belge ve bilgileri takdim etmeye haz\u0131r oldu\u011funu s\u00f6yledi.<\/p>\n","protected":false},"excerpt":{"rendered":"<p>TAHRAN \u2013 \u0130ran Rejim \u00c7\u0131karlar\u0131n\u0131 G\u00f6zetleme Sekreteri Muhsin R\u0131zai; \u0130ran\u2019\u0131n elinde I\u015e\u0130D\u2019in T\u00fcrkiye&#8217;deki rejime \u00e7al\u0131nt\u0131 petrol satt\u0131\u011f\u0131n\u0131 kan\u0131tlayan belgeler bulundu\u011funu belirtti. R\u0131zai Fars Ajans\u0131n\u0131n aktard\u0131\u011f\u0131 a\u00e7\u0131klamalar\u0131nda Suriye&#8217;de g\u00f6rev yapan \u0130ranl\u0131 m\u00fcste\u015farlar\u0131n; I\u015e\u0130D \u00d6rg\u00fct\u00fcn\u00fcn T\u00fcrkiye&#8217;ye \u00e7al\u0131nt\u0131 petrol ta\u015f\u0131ma g\u00fczergahlar\u0131n\u0131 belgelediklerini belirterek, bu belgelerin yay\u0131nlanabilece\u011fini ifade etti. T\u00fcrkiye h\u00fck\u00fcmetinin I\u015e\u0130D\u2019\u0130n T\u00fcrkiye&#8217;ye petrol sat\u0131\u015f\u0131na ili\u015fkin bilgisi olmad\u0131\u011f\u0131n\u0131 iddia &hellip;<\/p>\n","protected":false},"author":1,"featured_media":54310,"comment_status":"closed","ping_status":"closed","sticky":false,"template":"","format":"standard","meta":{"footnotes":""},"categories":[458,459,447],"tags":[17965],"class_list":["post-54309","post","type-post","status-publish","format-standard","has-post-thumbnail","","category-dunya1","category-haberler-arap-uluslararasi-politika","category-politika","tag-erdogan-rejimine-petrol-satisini-kanitlayan-belgeler-var"],"_links":{"self":[{"href":"https:\/\/archive.sana.sy\/tr\/index.php?rest_route=\/wp\/v2\/posts\/54309","targetHints":{"allow":["GET"]}}],"collection":[{"href":"https:\/\/archive.sana.sy\/tr\/index.php?rest_route=\/wp\/v2\/posts"}],"about":[{"href":"https:\/\/archive.sana.sy\/tr\/index.php?rest_route=\/wp\/v2\/types\/post"}],"author":[{"embeddable":true,"href":"https:\/\/archive.sana.sy\/tr\/index.php?rest_route=\/wp\/v2\/users\/1"}],"replies":[{"embeddable":true,"href":"https:\/\/archive.sana.sy\/tr\/index.php?rest_route=%2Fwp%2Fv2%2Fcomments&post=54309"}],"version-history":[{"count":0,"href":"https:\/\/archive.sana.sy\/tr\/index.php?rest_route=\/wp\/v2\/posts\/54309\/revisions"}],"wp:featuredmedia":[{"embeddable":true,"href":"https:\/\/archive.sana.sy\/tr\/index.php?rest_route=\/wp\/v2\/media\/54310"}],"wp:attachment":[{"href":"https:\/\/archive.sana.sy\/tr\/index.php?rest_route=%2Fwp%2Fv2%2Fmedia&parent=54309"}],"wp:term":[{"taxonomy":"category","embeddable":true,"href":"https:\/\/archive.sana.sy\/tr\/index.php?rest_route=%2Fwp%2Fv2%2Fcategories&post=54309"},{"taxonomy":"post_tag","embeddable":true,"href":"https:\/\/archive.sana.sy\/tr\/index.php?rest_route=%2Fwp%2Fv2%2Ftags&post=54309"}],"curies":[{"name":"wp","href":"https:\/\/api.w.org\/{rel}","templated":true}]}}