{"id":54312,"date":"2015-12-04T18:34:37","date_gmt":"2015-12-04T16:34:37","guid":{"rendered":"http:\/\/www.sana.sy\/tr\/?p=54312"},"modified":"2015-12-04T18:34:37","modified_gmt":"2015-12-04T16:34:37","slug":"panik-icinde-cevabi-dolandirdi","status":"publish","type":"post","link":"https:\/\/archive.sana.sy\/tr\/?p=54312","title":{"rendered":"Panik \u0130\u00e7inde Cevab\u0131 Doland\u0131rd\u0131"},"content":{"rendered":"<p>AT\u0130NA \u2013 ABD D\u0131\u015fi\u015fleri Bakan\u0131 John Kerry bug\u00fcn Atina\u2019da Yunanl\u0131 mevkida\u015f\u0131 ile d\u00fczenledi\u011fi ortak bas\u0131n toplant\u0131s\u0131nda gazetecilerin \u2018Suriye&#8217;deki siyasi \u00e7\u00f6z\u00fcmde Be\u015f\u015far el Esad\u2019\u0131n yerine\u2019 ili\u015fkin soru kar\u015f\u0131s\u0131nda pani\u011fe d\u00fc\u015ferek cevab\u0131 doland\u0131rd\u0131.<\/p>\n<p>Kerry d\u00fc\u015ft\u00fc\u011f\u00fc panik i\u00e7inde bu soruya cevab\u0131n hen\u00fcz netlik kazanmad\u0131\u011f\u0131n\u0131, \u00f6n\u00fcm\u00fczdeki s\u00fcrecin getirece\u011fi de\u011fi\u015fimlere ba\u011fl\u0131 oldu\u011funu s\u00f6yledi.<\/p>\n<p>Suriye&#8217;nin m\u00fcttefikleriyle i\u015fbirli\u011fi i\u00e7inde ter\u00f6re kar\u015f\u0131 m\u00fccadeledeki kararl\u0131klar\u0131n\u0131n yol a\u00e7t\u0131\u011f\u0131 de\u011fi\u015fim g\u00f6lgesinde ABD\u2019nin Cumhurba\u015fkan\u0131 el Esad\u2019\u0131n g\u00f6revinde kalmas\u0131 konusunda sorunu kalmad\u0131\u011f\u0131n\u0131 dolayl\u0131 bir \u015fekilde ifade eden Kerry; bu konuda sorunun ABD\u2019de de\u011fil, \u2018anla\u015fmazl\u0131\u011f\u0131n di\u011fer taraflar\u0131nda\u2019 oldu\u011funu \u00f6ne s\u00fcrd\u00fc.<\/p>\n<p>Kerry Suriye&#8217;de derhal sava\u015fa son verecek ve Suriyelilerin kendi geleceklerini kendi elleriyle yap\u0131land\u0131rmalar\u0131 i\u00e7in uygun bir zemin haz\u0131rlayacak \u00e7abalar\u0131n h\u0131zland\u0131r\u0131lmas\u0131 \u00e7a\u011fr\u0131s\u0131nda bulundu.<\/p>\n","protected":false},"excerpt":{"rendered":"<p>AT\u0130NA \u2013 ABD D\u0131\u015fi\u015fleri Bakan\u0131 John Kerry bug\u00fcn Atina\u2019da Yunanl\u0131 mevkida\u015f\u0131 ile d\u00fczenledi\u011fi ortak bas\u0131n toplant\u0131s\u0131nda gazetecilerin \u2018Suriye&#8217;deki siyasi \u00e7\u00f6z\u00fcmde Be\u015f\u015far el Esad\u2019\u0131n yerine\u2019 ili\u015fkin soru kar\u015f\u0131s\u0131nda pani\u011fe d\u00fc\u015ferek cevab\u0131 doland\u0131rd\u0131. Kerry d\u00fc\u015ft\u00fc\u011f\u00fc panik i\u00e7inde bu soruya cevab\u0131n hen\u00fcz netlik kazanmad\u0131\u011f\u0131n\u0131, \u00f6n\u00fcm\u00fczdeki s\u00fcrecin getirece\u011fi de\u011fi\u015fimlere ba\u011fl\u0131 oldu\u011funu s\u00f6yledi. Suriye&#8217;nin m\u00fcttefikleriyle i\u015fbirli\u011fi i\u00e7inde ter\u00f6re kar\u015f\u0131 m\u00fccadeledeki &hellip;<\/p>\n","protected":false},"author":1,"featured_media":54313,"comment_status":"closed","ping_status":"closed","sticky":false,"template":"","format":"standard","meta":{"footnotes":""},"categories":[458,459,447],"tags":[17966],"class_list":["post-54312","post","type-post","status-publish","format-standard","has-post-thumbnail","","category-dunya1","category-haberler-arap-uluslararasi-politika","category-politika","tag-panik-icinde-cevabi-dolandirdi"],"_links":{"self":[{"href":"https:\/\/archive.sana.sy\/tr\/index.php?rest_route=\/wp\/v2\/posts\/54312","targetHints":{"allow":["GET"]}}],"collection":[{"href":"https:\/\/archive.sana.sy\/tr\/index.php?rest_route=\/wp\/v2\/posts"}],"about":[{"href":"https:\/\/archive.sana.sy\/tr\/index.php?rest_route=\/wp\/v2\/types\/post"}],"author":[{"embeddable":true,"href":"https:\/\/archive.sana.sy\/tr\/index.php?rest_route=\/wp\/v2\/users\/1"}],"replies":[{"embeddable":true,"href":"https:\/\/archive.sana.sy\/tr\/index.php?rest_route=%2Fwp%2Fv2%2Fcomments&post=54312"}],"version-history":[{"count":0,"href":"https:\/\/archive.sana.sy\/tr\/index.php?rest_route=\/wp\/v2\/posts\/54312\/revisions"}],"wp:featuredmedia":[{"embeddable":true,"href":"https:\/\/archive.sana.sy\/tr\/index.php?rest_route=\/wp\/v2\/media\/54313"}],"wp:attachment":[{"href":"https:\/\/archive.sana.sy\/tr\/index.php?rest_route=%2Fwp%2Fv2%2Fmedia&parent=54312"}],"wp:term":[{"taxonomy":"category","embeddable":true,"href":"https:\/\/archive.sana.sy\/tr\/index.php?rest_route=%2Fwp%2Fv2%2Fcategories&post=54312"},{"taxonomy":"post_tag","embeddable":true,"href":"https:\/\/archive.sana.sy\/tr\/index.php?rest_route=%2Fwp%2Fv2%2Ftags&post=54312"}],"curies":[{"name":"wp","href":"https:\/\/api.w.org\/{rel}","templated":true}]}}