{"id":54319,"date":"2015-12-04T19:32:25","date_gmt":"2015-12-04T17:32:25","guid":{"rendered":"http:\/\/www.sana.sy\/tr\/?p=54319"},"modified":"2015-12-04T19:32:25","modified_gmt":"2015-12-04T17:32:25","slug":"nusra-cephesinin-guney-bolge-sorumlusu-olduruldu","status":"publish","type":"post","link":"https:\/\/archive.sana.sy\/tr\/?p=54319","title":{"rendered":"Nusra Cephesinin G\u00fcney B\u00f6lge Sorumlusu \u00d6ld\u00fcr\u00fcld\u00fc"},"content":{"rendered":"<p>DERA \u2013 Nusra Cephesinin s\u00f6zde \u2018G\u00fcney B\u00f6lgesi Emiri\u2019 \u00dcrd\u00fcnl\u00fc \u2018Ebu C\u00fcleybib\u2019 kod adl\u0131 tekfirci ter\u00f6r eleba\u015f\u0131 bug\u00fcn Dera k\u0131rsal\u0131n\u0131n do\u011fusunda \u00f6ld\u00fc.<\/p>\n<p>Yerel kaynaklar\u0131n yan\u0131 s\u0131ra muhtelif medya ara\u00e7lar\u0131 Kaide \u00d6rg\u00fct\u00fcn\u00fcn Suriye kolu Nusra Cephesinin \u2018\u015eam ve Horan B\u00f6lge G\u00fcvenlik Sorumlusu\u2019 olarak nitelendirdikleri \u00dcrd\u00fcnl\u00fc tekfirci ter\u00f6r komutan\u0131 \u2018Ebu C\u00fcleybib\u2019in Dera k\u0131rsal\u0131n\u0131n do\u011fusu Sayda \u2013 Kahil yolu \u00fczerinde patlat\u0131lan bir bombayla arac\u0131n\u0131n imha edildi\u011fini ve kendisinin de \u00f6ld\u00fc\u011f\u00fcn\u00fc belirtti.<\/p>\n<p>Ter\u00f6ristler medya ara\u00e7lar\u0131nda \u00dcrd\u00fcn vatanda\u015f\u0131 \u2018Ebu C\u00fcleybib\u2019 kod ad\u0131yla bilinen \u0130yyad el Toba\u015fi\u2019nin 2011 y\u0131l\u0131nda Suriye&#8217;de olaylar\u0131n ba\u015flad\u0131\u011f\u0131 ilk zamanlardan beri devlet kurumlar\u0131 ve sivil b\u00f6lgelere ter\u00f6r sald\u0131r\u0131lar\u0131n\u0131n plan ve provokasyonunu yapanlar\u0131n ba\u015f\u0131nda yer ald\u0131\u011f\u0131na dikkat \u00e7ekti. Haberlerde az\u0131l\u0131 ter\u00f6r eleba\u015f\u0131n\u0131n 2012 y\u0131l\u0131nda Kaide \u00d6rg\u00fct\u00fcn\u00fcn lideri Eyman el Zavahiri taraf\u0131ndan Suriye&#8217;de Nusra Cephesinin G\u011fney B\u00f6lge Sorumlusu olarak g\u00f6revlendirildi\u011fi kaydedildi.<\/p>\n","protected":false},"excerpt":{"rendered":"<p>DERA \u2013 Nusra Cephesinin s\u00f6zde \u2018G\u00fcney B\u00f6lgesi Emiri\u2019 \u00dcrd\u00fcnl\u00fc \u2018Ebu C\u00fcleybib\u2019 kod adl\u0131 tekfirci ter\u00f6r eleba\u015f\u0131 bug\u00fcn Dera k\u0131rsal\u0131n\u0131n do\u011fusunda \u00f6ld\u00fc. Yerel kaynaklar\u0131n yan\u0131 s\u0131ra muhtelif medya ara\u00e7lar\u0131 Kaide \u00d6rg\u00fct\u00fcn\u00fcn Suriye kolu Nusra Cephesinin \u2018\u015eam ve Horan B\u00f6lge G\u00fcvenlik Sorumlusu\u2019 olarak nitelendirdikleri \u00dcrd\u00fcnl\u00fc tekfirci ter\u00f6r komutan\u0131 \u2018Ebu C\u00fcleybib\u2019in Dera k\u0131rsal\u0131n\u0131n do\u011fusu Sayda \u2013 Kahil yolu &hellip;<\/p>\n","protected":false},"author":1,"featured_media":54323,"comment_status":"closed","ping_status":"closed","sticky":false,"template":"","format":"standard","meta":{"footnotes":""},"categories":[575],"tags":[17968],"class_list":["post-54319","post","type-post","status-publish","format-standard","has-post-thumbnail","","category-olaylar-ve-gercekler","tag-nusra-cephesinin-guney-bolge-sorumlusu-olduruldu"],"_links":{"self":[{"href":"https:\/\/archive.sana.sy\/tr\/index.php?rest_route=\/wp\/v2\/posts\/54319","targetHints":{"allow":["GET"]}}],"collection":[{"href":"https:\/\/archive.sana.sy\/tr\/index.php?rest_route=\/wp\/v2\/posts"}],"about":[{"href":"https:\/\/archive.sana.sy\/tr\/index.php?rest_route=\/wp\/v2\/types\/post"}],"author":[{"embeddable":true,"href":"https:\/\/archive.sana.sy\/tr\/index.php?rest_route=\/wp\/v2\/users\/1"}],"replies":[{"embeddable":true,"href":"https:\/\/archive.sana.sy\/tr\/index.php?rest_route=%2Fwp%2Fv2%2Fcomments&post=54319"}],"version-history":[{"count":0,"href":"https:\/\/archive.sana.sy\/tr\/index.php?rest_route=\/wp\/v2\/posts\/54319\/revisions"}],"wp:featuredmedia":[{"embeddable":true,"href":"https:\/\/archive.sana.sy\/tr\/index.php?rest_route=\/wp\/v2\/media\/54323"}],"wp:attachment":[{"href":"https:\/\/archive.sana.sy\/tr\/index.php?rest_route=%2Fwp%2Fv2%2Fmedia&parent=54319"}],"wp:term":[{"taxonomy":"category","embeddable":true,"href":"https:\/\/archive.sana.sy\/tr\/index.php?rest_route=%2Fwp%2Fv2%2Fcategories&post=54319"},{"taxonomy":"post_tag","embeddable":true,"href":"https:\/\/archive.sana.sy\/tr\/index.php?rest_route=%2Fwp%2Fv2%2Ftags&post=54319"}],"curies":[{"name":"wp","href":"https:\/\/api.w.org\/{rel}","templated":true}]}}