{"id":54325,"date":"2015-12-05T12:13:16","date_gmt":"2015-12-05T10:13:16","guid":{"rendered":"http:\/\/www.sana.sy\/tr\/?p=54325"},"modified":"2015-12-05T12:17:09","modified_gmt":"2015-12-05T10:17:09","slug":"dunya-engelliler-gunu-munasebetiyle-sam-kirsalinda-yarisma-duzenlendi","status":"publish","type":"post","link":"https:\/\/archive.sana.sy\/tr\/?p=54325","title":{"rendered":"D\u00fcnya Engelliler G\u00fcn\u00fc M\u00fcnasebetiyle \u015eam K\u0131rsal\u0131nda Yar\u0131\u015fma D\u00fczenlendi"},"content":{"rendered":"<p>\u015eAM KIRSALI \u2013 Suriye \u00d6zel Olimpiyat Kurumu, Sosyal \u0130\u015fler M\u00fcd\u00fcrl\u00fc\u011f\u00fc ve Spor Federasyonu \u015eam Ofisi ile i\u015fbirli\u011fi i\u00e7erisinde d\u00fcn D\u00fcnya Engelliler G\u00fcn\u00fc m\u00fcnasebetiyle Deyratiye kentinde engelli tak\u0131nlar aras\u0131nda bir yar\u0131\u015fma d\u00fczenledi.<\/p>\n<p><a href=\"http:\/\/www.sana.sy\/tr\/wp-content\/uploads\/2015\/12\/119.jpg\"><img loading=\"lazy\" decoding=\"async\" class=\"alignright wp-image-54328 \" src=\"http:\/\/www.sana.sy\/tr\/wp-content\/uploads\/2015\/12\/119-300x198.jpg\" alt=\"1\" width=\"264\" height=\"174\" srcset=\"https:\/\/archive.sana.sy\/tr\/wp-content\/uploads\/2015\/12\/119-300x198.jpg 300w, https:\/\/archive.sana.sy\/tr\/wp-content\/uploads\/2015\/12\/119-150x99.jpg 150w, https:\/\/archive.sana.sy\/tr\/wp-content\/uploads\/2015\/12\/119-1024x676.jpg 1024w\" sizes=\"auto, (max-width: 264px) 100vw, 264px\" \/><\/a>Yar\u0131\u015fma sonunda d\u00fczenlenen \u00f6d\u00fcl t\u00f6renine kat\u0131lan \u015eam K\u0131rsal\u0131 Valisi H\u00fcseyin Mahluf dereceye giren engellilere \u00f6d\u00fcllerini takdim etti.<\/p>\n<p>T\u00f6rende bir konu\u015fma yapan Mahluf, sosyal faaliyetlerin ve \u00f6zellikle de engellileri kapsayan sosyal faaliyetlerin \u00f6nemine dikkat \u00e7ekerek yar\u0131\u015fmay\u0131 organize eden ve kat\u0131lan herkese b\u00f6yle bir etkinliye imza att\u0131klar\u0131 i\u00e7in te\u015fekk\u00fcrlerini sundu.<\/p>\n<p>F.B.<\/p>\n","protected":false},"excerpt":{"rendered":"<p>\u015eAM KIRSALI \u2013 Suriye \u00d6zel Olimpiyat Kurumu, Sosyal \u0130\u015fler M\u00fcd\u00fcrl\u00fc\u011f\u00fc ve Spor Federasyonu \u015eam Ofisi ile i\u015fbirli\u011fi i\u00e7erisinde d\u00fcn D\u00fcnya Engelliler G\u00fcn\u00fc m\u00fcnasebetiyle Deyratiye kentinde engelli tak\u0131nlar aras\u0131nda bir yar\u0131\u015fma d\u00fczenledi. Yar\u0131\u015fma sonunda d\u00fczenlenen \u00f6d\u00fcl t\u00f6renine kat\u0131lan \u015eam K\u0131rsal\u0131 Valisi H\u00fcseyin Mahluf dereceye giren engellilere \u00f6d\u00fcllerini takdim etti. T\u00f6rende bir konu\u015fma yapan Mahluf, sosyal faaliyetlerin &hellip;<\/p>\n","protected":false},"author":1,"featured_media":54326,"comment_status":"closed","ping_status":"closed","sticky":false,"template":"","format":"standard","meta":{"footnotes":""},"categories":[526,479,496,525,478,497],"tags":[17969],"class_list":["post-54325","post","type-post","status-publish","format-standard","has-post-thumbnail","","category-haber-ve-raporlar","category-haberler-yerel","category-spor","category-toplum","category-yerel","category-yerel-turnuvalar","tag-suriye-ozel-olimpiyat-kurumu"],"_links":{"self":[{"href":"https:\/\/archive.sana.sy\/tr\/index.php?rest_route=\/wp\/v2\/posts\/54325","targetHints":{"allow":["GET"]}}],"collection":[{"href":"https:\/\/archive.sana.sy\/tr\/index.php?rest_route=\/wp\/v2\/posts"}],"about":[{"href":"https:\/\/archive.sana.sy\/tr\/index.php?rest_route=\/wp\/v2\/types\/post"}],"author":[{"embeddable":true,"href":"https:\/\/archive.sana.sy\/tr\/index.php?rest_route=\/wp\/v2\/users\/1"}],"replies":[{"embeddable":true,"href":"https:\/\/archive.sana.sy\/tr\/index.php?rest_route=%2Fwp%2Fv2%2Fcomments&post=54325"}],"version-history":[{"count":0,"href":"https:\/\/archive.sana.sy\/tr\/index.php?rest_route=\/wp\/v2\/posts\/54325\/revisions"}],"wp:featuredmedia":[{"embeddable":true,"href":"https:\/\/archive.sana.sy\/tr\/index.php?rest_route=\/wp\/v2\/media\/54326"}],"wp:attachment":[{"href":"https:\/\/archive.sana.sy\/tr\/index.php?rest_route=%2Fwp%2Fv2%2Fmedia&parent=54325"}],"wp:term":[{"taxonomy":"category","embeddable":true,"href":"https:\/\/archive.sana.sy\/tr\/index.php?rest_route=%2Fwp%2Fv2%2Fcategories&post=54325"},{"taxonomy":"post_tag","embeddable":true,"href":"https:\/\/archive.sana.sy\/tr\/index.php?rest_route=%2Fwp%2Fv2%2Ftags&post=54325"}],"curies":[{"name":"wp","href":"https:\/\/api.w.org\/{rel}","templated":true}]}}