{"id":54330,"date":"2015-12-05T12:26:52","date_gmt":"2015-12-05T10:26:52","guid":{"rendered":"http:\/\/www.sana.sy\/tr\/?p=54330"},"modified":"2015-12-05T12:29:55","modified_gmt":"2015-12-05T10:29:55","slug":"gonullu-genclerden-cevresel-kampanyalar","status":"publish","type":"post","link":"https:\/\/archive.sana.sy\/tr\/?p=54330","title":{"rendered":"G\u00f6n\u00fcll\u00fc Gen\u00e7lerden \u00c7evresel Kampanyalar"},"content":{"rendered":"<p>\u0130LLER \u2013 D\u00fcnya G\u00f6n\u00fcll\u00fc \u00c7al\u0131\u015fma G\u00fcn\u00fc m\u00fcnasebetiyle yurtsever g\u00f6n\u00fcll\u00fc gen\u00e7ler bug\u00fcn muhtelif illerde ba\u015flatt\u0131klar\u0131 kampanyalarda de\u011fi\u015fik etkinliklerde bulundular.<\/p>\n<p>Gen\u00e7ler Tartus ve Lazkiye\u2019de sokak ve caddeleri temizlemekle birlikte parklar\u0131 d\u00fczenleme \u00e7al\u0131\u015fmalar\u0131nda bulunurlarken, bir k\u0131s\u0131m gen\u00e7lerde vatan\u0131 savunan ordu birliklerimize yemek haz\u0131rlama \u00e7al\u0131\u015fmalar\u0131nda bulundu.<\/p>\n<div id='gallery-1' class='gallery galleryid-54330 gallery-columns-2 gallery-size-thumbnail'><figure class='gallery-item'>\n\t\t\t<div class='gallery-icon landscape'>\n\t\t\t\t<a href='https:\/\/archive.sana.sy\/tr\/wp-content\/uploads\/2015\/12\/28.jpg'><img loading=\"lazy\" decoding=\"async\" width=\"150\" height=\"92\" src=\"https:\/\/archive.sana.sy\/tr\/wp-content\/uploads\/2015\/12\/28-150x92.jpg\" class=\"attachment-thumbnail size-thumbnail\" alt=\"\" srcset=\"https:\/\/archive.sana.sy\/tr\/wp-content\/uploads\/2015\/12\/28-150x92.jpg 150w, https:\/\/archive.sana.sy\/tr\/wp-content\/uploads\/2015\/12\/28-300x185.jpg 300w, https:\/\/archive.sana.sy\/tr\/wp-content\/uploads\/2015\/12\/28-1024x630.jpg 1024w\" sizes=\"auto, (max-width: 150px) 100vw, 150px\" \/><\/a>\n\t\t\t<\/div><\/figure><figure class='gallery-item'>\n\t\t\t<div class='gallery-icon landscape'>\n\t\t\t\t<a href='https:\/\/archive.sana.sy\/tr\/wp-content\/uploads\/2015\/12\/33.jpg'><img loading=\"lazy\" decoding=\"async\" width=\"150\" height=\"96\" src=\"https:\/\/archive.sana.sy\/tr\/wp-content\/uploads\/2015\/12\/33-150x96.jpg\" class=\"attachment-thumbnail size-thumbnail\" alt=\"\" srcset=\"https:\/\/archive.sana.sy\/tr\/wp-content\/uploads\/2015\/12\/33-150x96.jpg 150w, https:\/\/archive.sana.sy\/tr\/wp-content\/uploads\/2015\/12\/33-300x191.jpg 300w, https:\/\/archive.sana.sy\/tr\/wp-content\/uploads\/2015\/12\/33-1024x653.jpg 1024w\" sizes=\"auto, (max-width: 150px) 100vw, 150px\" \/><\/a>\n\t\t\t<\/div><\/figure><figure class='gallery-item'>\n\t\t\t<div class='gallery-icon landscape'>\n\t\t\t\t<a href='https:\/\/archive.sana.sy\/tr\/wp-content\/uploads\/2015\/12\/42.jpg'><img loading=\"lazy\" decoding=\"async\" width=\"150\" height=\"103\" src=\"https:\/\/archive.sana.sy\/tr\/wp-content\/uploads\/2015\/12\/42-150x103.jpg\" class=\"attachment-thumbnail size-thumbnail\" alt=\"\" srcset=\"https:\/\/archive.sana.sy\/tr\/wp-content\/uploads\/2015\/12\/42-150x103.jpg 150w, https:\/\/archive.sana.sy\/tr\/wp-content\/uploads\/2015\/12\/42-300x205.jpg 300w, https:\/\/archive.sana.sy\/tr\/wp-content\/uploads\/2015\/12\/42-1024x700.jpg 1024w\" sizes=\"auto, (max-width: 150px) 100vw, 150px\" \/><\/a>\n\t\t\t<\/div><\/figure><figure class='gallery-item'>\n\t\t\t<div class='gallery-icon landscape'>\n\t\t\t\t<a href='https:\/\/archive.sana.sy\/tr\/wp-content\/uploads\/2015\/12\/53.jpg'><img loading=\"lazy\" decoding=\"async\" width=\"150\" height=\"113\" src=\"https:\/\/archive.sana.sy\/tr\/wp-content\/uploads\/2015\/12\/53-150x113.jpg\" class=\"attachment-thumbnail size-thumbnail\" alt=\"\" srcset=\"https:\/\/archive.sana.sy\/tr\/wp-content\/uploads\/2015\/12\/53-150x113.jpg 150w, https:\/\/archive.sana.sy\/tr\/wp-content\/uploads\/2015\/12\/53-300x225.jpg 300w, https:\/\/archive.sana.sy\/tr\/wp-content\/uploads\/2015\/12\/53-1024x768.jpg 1024w\" sizes=\"auto, (max-width: 150px) 100vw, 150px\" \/><\/a>\n\t\t\t<\/div><\/figure>\n\t\t<\/div>\n\n","protected":false},"excerpt":{"rendered":"<p>\u0130LLER \u2013 D\u00fcnya G\u00f6n\u00fcll\u00fc \u00c7al\u0131\u015fma G\u00fcn\u00fc m\u00fcnasebetiyle yurtsever g\u00f6n\u00fcll\u00fc gen\u00e7ler bug\u00fcn muhtelif illerde ba\u015flatt\u0131klar\u0131 kampanyalarda de\u011fi\u015fik etkinliklerde bulundular. Gen\u00e7ler Tartus ve Lazkiye\u2019de sokak ve caddeleri temizlemekle birlikte parklar\u0131 d\u00fczenleme \u00e7al\u0131\u015fmalar\u0131nda bulunurlarken, bir k\u0131s\u0131m gen\u00e7lerde vatan\u0131 savunan ordu birliklerimize yemek haz\u0131rlama \u00e7al\u0131\u015fmalar\u0131nda bulundu.<\/p>\n","protected":false},"author":1,"featured_media":54331,"comment_status":"closed","ping_status":"closed","sticky":false,"template":"","format":"standard","meta":{"footnotes":""},"categories":[596,526,479,525,538,478],"tags":[17970],"class_list":["post-54330","post","type-post","status-publish","format-standard","has-post-thumbnail","","category-fotografli-raporlar","category-haber-ve-raporlar","category-haberler-yerel","category-toplum","category-yasam","category-yerel","tag-gonullu-genclerden-cevresel-kampanyalar"],"_links":{"self":[{"href":"https:\/\/archive.sana.sy\/tr\/index.php?rest_route=\/wp\/v2\/posts\/54330","targetHints":{"allow":["GET"]}}],"collection":[{"href":"https:\/\/archive.sana.sy\/tr\/index.php?rest_route=\/wp\/v2\/posts"}],"about":[{"href":"https:\/\/archive.sana.sy\/tr\/index.php?rest_route=\/wp\/v2\/types\/post"}],"author":[{"embeddable":true,"href":"https:\/\/archive.sana.sy\/tr\/index.php?rest_route=\/wp\/v2\/users\/1"}],"replies":[{"embeddable":true,"href":"https:\/\/archive.sana.sy\/tr\/index.php?rest_route=%2Fwp%2Fv2%2Fcomments&post=54330"}],"version-history":[{"count":0,"href":"https:\/\/archive.sana.sy\/tr\/index.php?rest_route=\/wp\/v2\/posts\/54330\/revisions"}],"wp:featuredmedia":[{"embeddable":true,"href":"https:\/\/archive.sana.sy\/tr\/index.php?rest_route=\/wp\/v2\/media\/54331"}],"wp:attachment":[{"href":"https:\/\/archive.sana.sy\/tr\/index.php?rest_route=%2Fwp%2Fv2%2Fmedia&parent=54330"}],"wp:term":[{"taxonomy":"category","embeddable":true,"href":"https:\/\/archive.sana.sy\/tr\/index.php?rest_route=%2Fwp%2Fv2%2Fcategories&post=54330"},{"taxonomy":"post_tag","embeddable":true,"href":"https:\/\/archive.sana.sy\/tr\/index.php?rest_route=%2Fwp%2Fv2%2Ftags&post=54330"}],"curies":[{"name":"wp","href":"https:\/\/api.w.org\/{rel}","templated":true}]}}