{"id":54373,"date":"2015-12-05T09:00:24","date_gmt":"2015-12-05T07:00:24","guid":{"rendered":"http:\/\/www.sana.sy\/tr\/?p=54373"},"modified":"2015-12-05T13:30:40","modified_gmt":"2015-12-05T11:30:40","slug":"irak-basbakani-haydar-abbadi-turkiye-guclerinin-irakin-nenova-bolgesine-girmelerinin-irakin-egemenligine-tehlikeli-bir-ihlal-teskil-ettigini-vurgularken-derhal-geri-cekilmeleri-gere","status":"publish","type":"post","link":"https:\/\/archive.sana.sy\/tr\/?p=54373","title":{"rendered":"Irak ba\u015fbakan\u0131 Haydar Abbadi T\u00fcrkiye g\u00fc\u00e7lerinin Irak\u2019\u0131n Nenova B\u00f6lgesine girmelerinin Irak\u2019\u0131n egemenli\u011fine tehlikeli bir ihlal te\u015fkil etti\u011fini vurgularken, derhal geri \u00e7ekilmeleri gerekti\u011finin alt\u0131n\u0131 \u00e7izdi."},"content":{"rendered":"<p>Irak ba\u015fbakan\u0131 Haydar Abbadi T\u00fcrkiye g\u00fc\u00e7lerinin Irak\u2019\u0131n Nenova B\u00f6lgesine girmelerinin Irak\u2019\u0131n egemenli\u011fine tehlikeli bir ihlal te\u015fkil etti\u011fini vurgularken, derhal geri \u00e7ekilmeleri gerekti\u011finin alt\u0131n\u0131 \u00e7izdi.<\/p>\n","protected":false},"excerpt":{"rendered":"<p>Irak ba\u015fbakan\u0131 Haydar Abbadi T\u00fcrkiye g\u00fc\u00e7lerinin Irak\u2019\u0131n Nenova B\u00f6lgesine girmelerinin Irak\u2019\u0131n egemenli\u011fine tehlikeli bir ihlal te\u015fkil etti\u011fini vurgularken, derhal geri \u00e7ekilmeleri gerekti\u011finin alt\u0131n\u0131 \u00e7izdi.<\/p>\n","protected":false},"author":1,"featured_media":0,"comment_status":"closed","ping_status":"closed","sticky":false,"template":"","format":"standard","meta":{"footnotes":""},"categories":[1],"tags":[],"class_list":["post-54373","post","type-post","status-publish","format-standard","","category-news-not-sorted"],"_links":{"self":[{"href":"https:\/\/archive.sana.sy\/tr\/index.php?rest_route=\/wp\/v2\/posts\/54373","targetHints":{"allow":["GET"]}}],"collection":[{"href":"https:\/\/archive.sana.sy\/tr\/index.php?rest_route=\/wp\/v2\/posts"}],"about":[{"href":"https:\/\/archive.sana.sy\/tr\/index.php?rest_route=\/wp\/v2\/types\/post"}],"author":[{"embeddable":true,"href":"https:\/\/archive.sana.sy\/tr\/index.php?rest_route=\/wp\/v2\/users\/1"}],"replies":[{"embeddable":true,"href":"https:\/\/archive.sana.sy\/tr\/index.php?rest_route=%2Fwp%2Fv2%2Fcomments&post=54373"}],"version-history":[{"count":0,"href":"https:\/\/archive.sana.sy\/tr\/index.php?rest_route=\/wp\/v2\/posts\/54373\/revisions"}],"wp:attachment":[{"href":"https:\/\/archive.sana.sy\/tr\/index.php?rest_route=%2Fwp%2Fv2%2Fmedia&parent=54373"}],"wp:term":[{"taxonomy":"category","embeddable":true,"href":"https:\/\/archive.sana.sy\/tr\/index.php?rest_route=%2Fwp%2Fv2%2Fcategories&post=54373"},{"taxonomy":"post_tag","embeddable":true,"href":"https:\/\/archive.sana.sy\/tr\/index.php?rest_route=%2Fwp%2Fv2%2Ftags&post=54373"}],"curies":[{"name":"wp","href":"https:\/\/api.w.org\/{rel}","templated":true}]}}