{"id":54374,"date":"2015-12-05T15:25:18","date_gmt":"2015-12-05T13:25:18","guid":{"rendered":"http:\/\/www.sana.sy\/tr\/?p=54374"},"modified":"2015-12-05T17:23:40","modified_gmt":"2015-12-05T15:23:40","slug":"isid-mayini-yine-can-aldi","status":"publish","type":"post","link":"https:\/\/archive.sana.sy\/tr\/?p=54374","title":{"rendered":"I\u015e\u0130D May\u0131n\u0131 Yine Can Ald\u0131"},"content":{"rendered":"<p>HASEKE \u2013 I\u015e\u0130D tekfircilerinin daha \u00f6nce Haseke k\u0131rsal\u0131n\u0131n g\u00fcneydo\u011fusunda ter\u00f6r estirdikleri s\u0131rada yerle\u015ftirmi\u015f olduklar\u0131 bir may\u0131n\u0131n bug\u00fcn patlamas\u0131 sonucunda bir vatanda\u015f \u015fehit, bir vatanda\u015f da yaral\u0131 d\u00fc\u015ft\u00fc.<\/p>\n<p>Haseke \u0130l Emniyet M\u00fcd\u00fcrl\u00fc\u011f\u00fcnde bir kaynak Fallaha K\u00f6y\u00fc ile Fillat el Humr aras\u0131nda iki vatanda\u015f\u0131n sabah saatlerinde motosikletle ge\u00e7i\u015fi s\u0131ras\u0131nda bir may\u0131n\u0131n infilak etti\u011fini s\u00f6yledi. Kaynak patlamada vatanda\u015flardan birinin \u015fehit, di\u011ferinin de yaral\u0131 d\u00fc\u015ft\u00fc\u011f\u00fcn\u00fc s\u00f6zlerine ekledi.<\/p>\n<p>Kaynak I\u015e\u0130D \u00e7etelerinin ordu birliklerimiz ve destek\u00e7i g\u00fc\u00e7lerin operasyonlar\u0131yla bertaraf olmadan \u00f6nce \u00f6zel ve kamu m\u00fclklere bubi tuzaklar\u0131 yerle\u015ftirip tar\u0131m arazilere de may\u0131n d\u00f6\u015fediklerine dikkat \u00e7ekti.<\/p>\n","protected":false},"excerpt":{"rendered":"<p>HASEKE \u2013 I\u015e\u0130D tekfircilerinin daha \u00f6nce Haseke k\u0131rsal\u0131n\u0131n g\u00fcneydo\u011fusunda ter\u00f6r estirdikleri s\u0131rada yerle\u015ftirmi\u015f olduklar\u0131 bir may\u0131n\u0131n bug\u00fcn patlamas\u0131 sonucunda bir vatanda\u015f \u015fehit, bir vatanda\u015f da yaral\u0131 d\u00fc\u015ft\u00fc. Haseke \u0130l Emniyet M\u00fcd\u00fcrl\u00fc\u011f\u00fcnde bir kaynak Fallaha K\u00f6y\u00fc ile Fillat el Humr aras\u0131nda iki vatanda\u015f\u0131n sabah saatlerinde motosikletle ge\u00e7i\u015fi s\u0131ras\u0131nda bir may\u0131n\u0131n infilak etti\u011fini s\u00f6yledi. Kaynak patlamada vatanda\u015flardan &hellip;<\/p>\n","protected":false},"author":1,"featured_media":40802,"comment_status":"closed","ping_status":"closed","sticky":false,"template":"","format":"standard","meta":{"footnotes":""},"categories":[479,575,17988,478],"tags":[17984],"class_list":["post-54374","post","type-post","status-publish","format-standard","has-post-thumbnail","","category-haberler-yerel","category-olaylar-ve-gercekler","category-son-haberler","category-yerel","tag-isid-mayini-yine-can-aldi"],"_links":{"self":[{"href":"https:\/\/archive.sana.sy\/tr\/index.php?rest_route=\/wp\/v2\/posts\/54374","targetHints":{"allow":["GET"]}}],"collection":[{"href":"https:\/\/archive.sana.sy\/tr\/index.php?rest_route=\/wp\/v2\/posts"}],"about":[{"href":"https:\/\/archive.sana.sy\/tr\/index.php?rest_route=\/wp\/v2\/types\/post"}],"author":[{"embeddable":true,"href":"https:\/\/archive.sana.sy\/tr\/index.php?rest_route=\/wp\/v2\/users\/1"}],"replies":[{"embeddable":true,"href":"https:\/\/archive.sana.sy\/tr\/index.php?rest_route=%2Fwp%2Fv2%2Fcomments&post=54374"}],"version-history":[{"count":0,"href":"https:\/\/archive.sana.sy\/tr\/index.php?rest_route=\/wp\/v2\/posts\/54374\/revisions"}],"wp:featuredmedia":[{"embeddable":true,"href":"https:\/\/archive.sana.sy\/tr\/index.php?rest_route=\/wp\/v2\/media\/40802"}],"wp:attachment":[{"href":"https:\/\/archive.sana.sy\/tr\/index.php?rest_route=%2Fwp%2Fv2%2Fmedia&parent=54374"}],"wp:term":[{"taxonomy":"category","embeddable":true,"href":"https:\/\/archive.sana.sy\/tr\/index.php?rest_route=%2Fwp%2Fv2%2Fcategories&post=54374"},{"taxonomy":"post_tag","embeddable":true,"href":"https:\/\/archive.sana.sy\/tr\/index.php?rest_route=%2Fwp%2Fv2%2Ftags&post=54374"}],"curies":[{"name":"wp","href":"https:\/\/api.w.org\/{rel}","templated":true}]}}