{"id":54381,"date":"2015-12-05T14:20:44","date_gmt":"2015-12-05T12:20:44","guid":{"rendered":"http:\/\/www.sana.sy\/tr\/?p=54381"},"modified":"2015-12-05T17:29:01","modified_gmt":"2015-12-05T15:29:01","slug":"cek-askeri-analist-erdogan-turkiyesi-isidten-daha-tehlikelidir","status":"publish","type":"post","link":"https:\/\/archive.sana.sy\/tr\/?p=54381","title":{"rendered":"\u00c7ek Askeri Analist: Erdo\u011fan T\u00fcrkiyesi I\u015e\u0130D\u2019ten Daha Tehlikelidir"},"content":{"rendered":"<p>PRAG \u2013 \u00c7ek askeri analist Martin Kohler mevcut s\u00fcre\u00e7 i\u00e7inde radikal ter\u00f6ristleri destekleyen Erdo\u011fan rejimi nedeniyle T\u00fcrkiye&#8217;nin Avrupa a\u00e7\u0131s\u0131ndan bu rejimin finanse etti\u011fi I\u015e\u0130D ve daha ba\u015fka isimler alt\u0131ndaki ter\u00f6r \u00f6rg\u00fctlerden daha b\u00fcy\u00fck ve daha ciddi bir tehlike te\u015fkil etti\u011fini belirtti.<\/p>\n<p>\u00c7ek Polis Radyosu ile m\u00fclakat\u0131nda \u00c7ek askeri analist Kohler; T\u00fcrkiye&#8217;nin NATO ile ittifak\u0131n\u0131n de\u011ferini sorgularken, Erdo\u011fan rejimi iktidar\u0131ndaki T\u00fcrkiye&#8217;nin Avrupa\u2019ya hi\u00e7bir faydas\u0131n\u0131n olmad\u0131\u011f\u0131n\u0131 vurgulad\u0131. Kohler T\u00fcrkiye&#8217;nin NATO\u2019daki yerinin sadece ve sadece ABD\u2019nin kas\u0131tl\u0131 m\u00fcttefikinden ibaret oldu\u011funun alt\u0131n\u0131 \u00e7izdi.<\/p>\n<p>T\u00fcrkiye&#8217;deki rejimin Rus u\u00e7a\u011f\u0131 d\u00fcnya halklar\u0131n\u0131 tehdit eden ter\u00f6re kar\u015f\u0131 sava\u015f\u0131rken Suriye hava sahas\u0131nda d\u00fc\u015f\u00fcrd\u00fc\u011f\u00fcn\u00fc belirten Kohler; ayn\u0131 zamanda T\u00fcrkiye rejiminin Suriye ve Irak\u2019ta muhtelif adland\u0131rmalar alt\u0131nda destekledi\u011fi ter\u00f6r \u00f6rg\u00fctlerin radikal \u00f6rg\u00fctlerden hi\u00e7bir farklar\u0131 olmad\u0131\u011f\u0131n\u0131 da ifade etti.<\/p>\n","protected":false},"excerpt":{"rendered":"<p>PRAG \u2013 \u00c7ek askeri analist Martin Kohler mevcut s\u00fcre\u00e7 i\u00e7inde radikal ter\u00f6ristleri destekleyen Erdo\u011fan rejimi nedeniyle T\u00fcrkiye&#8217;nin Avrupa a\u00e7\u0131s\u0131ndan bu rejimin finanse etti\u011fi I\u015e\u0130D ve daha ba\u015fka isimler alt\u0131ndaki ter\u00f6r \u00f6rg\u00fctlerden daha b\u00fcy\u00fck ve daha ciddi bir tehlike te\u015fkil etti\u011fini belirtti. \u00c7ek Polis Radyosu ile m\u00fclakat\u0131nda \u00c7ek askeri analist Kohler; T\u00fcrkiye&#8217;nin NATO ile ittifak\u0131n\u0131n de\u011ferini &hellip;<\/p>\n","protected":false},"author":1,"featured_media":54382,"comment_status":"closed","ping_status":"closed","sticky":false,"template":"","format":"standard","meta":{"footnotes":""},"categories":[556,458,559,459,447,17988,2554,2555],"tags":[17977,17976],"class_list":["post-54381","post","type-post","status-publish","format-standard","has-post-thumbnail","","category-basin","category-dunya1","category-dunya-basini","category-haberler-arap-uluslararasi-politika","category-politika","category-son-haberler","category-suriye-ve-dunya","category-suriye-ve-turkiye","tag-cek-askeri-analist-martin-kohler","tag-cek-askeri-analist-erdogan-turkiyesi-isidten-daha-tehlikelidir"],"_links":{"self":[{"href":"https:\/\/archive.sana.sy\/tr\/index.php?rest_route=\/wp\/v2\/posts\/54381","targetHints":{"allow":["GET"]}}],"collection":[{"href":"https:\/\/archive.sana.sy\/tr\/index.php?rest_route=\/wp\/v2\/posts"}],"about":[{"href":"https:\/\/archive.sana.sy\/tr\/index.php?rest_route=\/wp\/v2\/types\/post"}],"author":[{"embeddable":true,"href":"https:\/\/archive.sana.sy\/tr\/index.php?rest_route=\/wp\/v2\/users\/1"}],"replies":[{"embeddable":true,"href":"https:\/\/archive.sana.sy\/tr\/index.php?rest_route=%2Fwp%2Fv2%2Fcomments&post=54381"}],"version-history":[{"count":0,"href":"https:\/\/archive.sana.sy\/tr\/index.php?rest_route=\/wp\/v2\/posts\/54381\/revisions"}],"wp:featuredmedia":[{"embeddable":true,"href":"https:\/\/archive.sana.sy\/tr\/index.php?rest_route=\/wp\/v2\/media\/54382"}],"wp:attachment":[{"href":"https:\/\/archive.sana.sy\/tr\/index.php?rest_route=%2Fwp%2Fv2%2Fmedia&parent=54381"}],"wp:term":[{"taxonomy":"category","embeddable":true,"href":"https:\/\/archive.sana.sy\/tr\/index.php?rest_route=%2Fwp%2Fv2%2Fcategories&post=54381"},{"taxonomy":"post_tag","embeddable":true,"href":"https:\/\/archive.sana.sy\/tr\/index.php?rest_route=%2Fwp%2Fv2%2Ftags&post=54381"}],"curies":[{"name":"wp","href":"https:\/\/api.w.org\/{rel}","templated":true}]}}