{"id":54384,"date":"2015-12-05T14:31:59","date_gmt":"2015-12-05T12:31:59","guid":{"rendered":"http:\/\/www.sana.sy\/tr\/?p=54384"},"modified":"2015-12-05T17:28:49","modified_gmt":"2015-12-05T15:28:49","slug":"agir-kayiplarini-itiraf-ettiler","status":"publish","type":"post","link":"https:\/\/archive.sana.sy\/tr\/?p=54384","title":{"rendered":"A\u011f\u0131r Kay\u0131plar\u0131n\u0131 \u0130tiraf Ettiler"},"content":{"rendered":"<p>DERA \u2013 \u0130srail&#8217;in destekledi\u011fi ve \u00dcrd\u00fcn\u2019\u00fcn ba\u015fkenti Amman\u2019da Avrupal\u0131 ve K\u00f6rfez devletleri istihbarat cihazlar\u0131n\u0131n bulundu\u011fu Mok operasyon odas\u0131ndan komuta edilen ter\u00f6r \u00e7eteleri son iki g\u00fcn i\u00e7inde ordu birliklerimiz kar\u015f\u0131s\u0131nda b\u00fcy\u00fck kay\u0131plar verdiklerini itiraf etti.<\/p>\n<p>Ter\u00f6ristler medya ara\u00e7lar\u0131nda Dera k\u0131rsal\u0131n\u0131n kuzeybat\u0131s\u0131nda \u2018Ciddiye\u2019yi Kurtarma Operasyonu\u2019 ad\u0131 alt\u0131nda ba\u015flatt\u0131klar\u0131 ter\u00f6r sald\u0131r\u0131lar\u0131nda ordu birliklerimiz kar\u015f\u0131s\u0131nda b\u00fcy\u00fck kay\u0131plar verdiklerini belirtirken, aralar\u0131nda saha komutanlar\u0131 ve tehlikeli isimlerin bulundu\u011fu 17 ter\u00f6ristin \u00f6ld\u00fc\u011f\u00fcn\u00fc itiraf etti.<\/p>\n<p>Bilindi\u011fi \u00fczere Ciddiye Beldesi civar\u0131nda bulunan k\u00f6y ve beldelerde Kaide \u00d6rg\u00fct\u00fcn\u00fcn Suriye kolu Nusra Cephesi ve i\u015fgalci \u0130srail ile ba\u011flant\u0131l\u0131 Horan M\u00fccahitleri, Fetih el Mubin T\u00fcmeni, \u0130slam Aslanlar\u0131 t\u00fcmeni, Horan Tevhit Taburlar\u0131, Murabitin T\u00fcmeni, Ceydur T\u00fcmeni ve daha ba\u015fka tekfirci ter\u00f6r \u00f6rg\u00fctleri bulunuyor.<\/p>\n<p>Kunaytra \u2013 \u015eam k\u0131rsal\u0131 \u2013 Dera \u00fc\u00e7geninde stratejik bir komuma sahip Ciddiye Beldesini ele ge\u00e7irmek i\u00e7in bir dizi sald\u0131r\u0131da bulunan tekfirci ter\u00f6r \u00e7eteleri, her defas\u0131nda ordu birliklerimiz taraf\u0131ndan b\u00fcy\u00fck kay\u0131plara u\u011frat\u0131larak geri p\u00fcsk\u00fcrt\u00fcl\u00fcyor.<\/p>\n","protected":false},"excerpt":{"rendered":"<p>DERA \u2013 \u0130srail&#8217;in destekledi\u011fi ve \u00dcrd\u00fcn\u2019\u00fcn ba\u015fkenti Amman\u2019da Avrupal\u0131 ve K\u00f6rfez devletleri istihbarat cihazlar\u0131n\u0131n bulundu\u011fu Mok operasyon odas\u0131ndan komuta edilen ter\u00f6r \u00e7eteleri son iki g\u00fcn i\u00e7inde ordu birliklerimiz kar\u015f\u0131s\u0131nda b\u00fcy\u00fck kay\u0131plar verdiklerini itiraf etti. Ter\u00f6ristler medya ara\u00e7lar\u0131nda Dera k\u0131rsal\u0131n\u0131n kuzeybat\u0131s\u0131nda \u2018Ciddiye\u2019yi Kurtarma Operasyonu\u2019 ad\u0131 alt\u0131nda ba\u015flatt\u0131klar\u0131 ter\u00f6r sald\u0131r\u0131lar\u0131nda ordu birliklerimiz kar\u015f\u0131s\u0131nda b\u00fcy\u00fck kay\u0131plar verdiklerini belirtirken, &hellip;<\/p>\n","protected":false},"author":1,"featured_media":54385,"comment_status":"closed","ping_status":"closed","sticky":false,"template":"","format":"standard","meta":{"footnotes":""},"categories":[479,575,17988,478],"tags":[17978],"class_list":["post-54384","post","type-post","status-publish","format-standard","has-post-thumbnail","","category-haberler-yerel","category-olaylar-ve-gercekler","category-son-haberler","category-yerel","tag-agir-kayiplarini-itiraf-ettiler"],"_links":{"self":[{"href":"https:\/\/archive.sana.sy\/tr\/index.php?rest_route=\/wp\/v2\/posts\/54384","targetHints":{"allow":["GET"]}}],"collection":[{"href":"https:\/\/archive.sana.sy\/tr\/index.php?rest_route=\/wp\/v2\/posts"}],"about":[{"href":"https:\/\/archive.sana.sy\/tr\/index.php?rest_route=\/wp\/v2\/types\/post"}],"author":[{"embeddable":true,"href":"https:\/\/archive.sana.sy\/tr\/index.php?rest_route=\/wp\/v2\/users\/1"}],"replies":[{"embeddable":true,"href":"https:\/\/archive.sana.sy\/tr\/index.php?rest_route=%2Fwp%2Fv2%2Fcomments&post=54384"}],"version-history":[{"count":0,"href":"https:\/\/archive.sana.sy\/tr\/index.php?rest_route=\/wp\/v2\/posts\/54384\/revisions"}],"wp:featuredmedia":[{"embeddable":true,"href":"https:\/\/archive.sana.sy\/tr\/index.php?rest_route=\/wp\/v2\/media\/54385"}],"wp:attachment":[{"href":"https:\/\/archive.sana.sy\/tr\/index.php?rest_route=%2Fwp%2Fv2%2Fmedia&parent=54384"}],"wp:term":[{"taxonomy":"category","embeddable":true,"href":"https:\/\/archive.sana.sy\/tr\/index.php?rest_route=%2Fwp%2Fv2%2Fcategories&post=54384"},{"taxonomy":"post_tag","embeddable":true,"href":"https:\/\/archive.sana.sy\/tr\/index.php?rest_route=%2Fwp%2Fv2%2Ftags&post=54384"}],"curies":[{"name":"wp","href":"https:\/\/api.w.org\/{rel}","templated":true}]}}