{"id":54390,"date":"2015-12-05T15:07:03","date_gmt":"2015-12-05T13:07:03","guid":{"rendered":"http:\/\/www.sana.sy\/tr\/?p=54390"},"modified":"2015-12-05T17:24:24","modified_gmt":"2015-12-05T15:24:24","slug":"vatanin-sirtinda-zehirli-bir-hancer-olacagini-dusunenler-yaniliyorlar","status":"publish","type":"post","link":"https:\/\/archive.sana.sy\/tr\/?p=54390","title":{"rendered":"Vatan\u0131n S\u0131rt\u0131nda Zehirli Bir Han\u00e7er Olaca\u011f\u0131n\u0131 D\u00fc\u015f\u00fcnenler Yan\u0131l\u0131yorlar"},"content":{"rendered":"<p>\u015eAM \u2013 Ba\u015fbakan Vai el Halaki bug\u00fcn \u2018Dera Vatan\u0131n Kalkan\u0131 Sosyal \u0130nisiyatifinden bir heyeti kabul\u00fcnde inisiyatifin, Suriye&#8217;nin her daim birlik beraberlik i\u00e7inde kalaca\u011f\u0131 y\u00f6n\u00fcnde d\u00fcnyaya bir mesaj niteli\u011fi ta\u015f\u0131d\u0131\u011f\u0131n\u0131 belirtti.<\/p>\n<p>Ba\u015fbakan Halaki Dera ilinde yurtsever vatanda\u015flar\u0131n daha \u00f6nce oldu\u011fu gibi vatan\u0131 savunma ve korumada \u00f6rnek te\u015fkil edeceklerini, g\u00fcn\u00fcm\u00fczde bu vatanda\u015flar\u0131n d\u00fc\u015fman ve ter\u00f6r \u00e7etelerine kar\u015f\u0131 b\u00fcy\u00fck bir \u00f6zveriyle m\u00fccadele ettiklerini s\u00f6yledi. Dera\u2019da yurtsever vatanda\u015flar\u0131n modern Suriye&#8217;nin kurucusu b\u00fcy\u00fck \u00f6nder Haf\u0131z el Esad\u2019\u0131n etraf\u0131nda kenetlenip vatan\u0131n gelece\u011fini el ele omuz omuza yap\u0131land\u0131rd\u0131klar\u0131na i\u015faret eden Halaki; bu vatanda\u015flar\u0131n bu g\u00fcn de Cumhurba\u015fkan\u0131 Be\u015f\u015far el Esad\u2019\u0131n etraf\u0131nda kenetlenip Suriye&#8217;yi y\u0131k\u0131p par\u00e7alamay\u0131 hedefleyen d\u00fc\u015fmanlara kar\u015f\u0131 m\u00fccadele ettiklerini s\u00f6yledi.<\/p>\n<p>\u0130nisiyatif \u00fcyesi Halit el Matrud Dera\u2019n\u0131n vatan\u0131n s\u0131rt\u0131nda zehirli bir han\u00e7er olaca\u011f\u0131n\u0131 d\u00fc\u015f\u00fcnenlerin b\u00fcy\u00fck bir yan\u0131lg\u0131ya d\u00fc\u015ft\u00fcklerini ifade ederken, yurtsever ahalisiyle Suriye&#8217;yi savunan ve koruyan g\u00fc\u00e7l\u00fc bir kale olarak kalaca\u011f\u0131n\u0131 belirtti.<\/p>\n<p>\u0130nisiyatif heyeti \u00fcyeleri; toplum i\u00e7inde sevgi, ho\u015fg\u00f6r\u00fc ve uzla\u015fma ilkelerini yaymaya \u00e7al\u0131\u015ft\u0131klar\u0131n\u0131, Suriye ordusunun ter\u00f6ristlere kar\u015f\u0131 ba\u015far\u0131lar\u0131 ard\u0131ndan zaferin yak\u0131n oldu\u011funa inand\u0131klar\u0131n\u0131 ifade etti.<\/p>\n<p>Dera Vatan\u0131n Kalkan\u0131d\u0131r \u0130nisiyatifi ge\u00e7en ay\u0131n ortalar\u0131nda \u015fehit ailelerini onurland\u0131rma faaliyetleriyle kurulu\u015funu ilan etmi\u015fti.<\/p>\n<div id='gallery-1' class='gallery galleryid-54390 gallery-columns-3 gallery-size-thumbnail'><figure class='gallery-item'>\n\t\t\t<div class='gallery-icon landscape'>\n\t\t\t\t<a href='https:\/\/archive.sana.sy\/tr\/wp-content\/uploads\/2015\/12\/45.jpg'><img loading=\"lazy\" decoding=\"async\" width=\"150\" height=\"87\" src=\"https:\/\/archive.sana.sy\/tr\/wp-content\/uploads\/2015\/12\/45-150x87.jpg\" class=\"attachment-thumbnail size-thumbnail\" alt=\"\" srcset=\"https:\/\/archive.sana.sy\/tr\/wp-content\/uploads\/2015\/12\/45-150x87.jpg 150w, https:\/\/archive.sana.sy\/tr\/wp-content\/uploads\/2015\/12\/45-300x174.jpg 300w, https:\/\/archive.sana.sy\/tr\/wp-content\/uploads\/2015\/12\/45-1024x595.jpg 1024w\" sizes=\"auto, (max-width: 150px) 100vw, 150px\" \/><\/a>\n\t\t\t<\/div><\/figure><figure class='gallery-item'>\n\t\t\t<div class='gallery-icon landscape'>\n\t\t\t\t<a href='https:\/\/archive.sana.sy\/tr\/wp-content\/uploads\/2015\/12\/124.jpg'><img loading=\"lazy\" decoding=\"async\" width=\"150\" height=\"102\" src=\"https:\/\/archive.sana.sy\/tr\/wp-content\/uploads\/2015\/12\/124-150x102.jpg\" class=\"attachment-thumbnail size-thumbnail\" alt=\"\" srcset=\"https:\/\/archive.sana.sy\/tr\/wp-content\/uploads\/2015\/12\/124-150x102.jpg 150w, https:\/\/archive.sana.sy\/tr\/wp-content\/uploads\/2015\/12\/124-300x204.jpg 300w, https:\/\/archive.sana.sy\/tr\/wp-content\/uploads\/2015\/12\/124-1024x697.jpg 1024w\" sizes=\"auto, (max-width: 150px) 100vw, 150px\" \/><\/a>\n\t\t\t<\/div><\/figure><figure class='gallery-item'>\n\t\t\t<div class='gallery-icon landscape'>\n\t\t\t\t<a href='https:\/\/archive.sana.sy\/tr\/wp-content\/uploads\/2015\/12\/36.jpg'><img loading=\"lazy\" decoding=\"async\" width=\"150\" height=\"92\" src=\"https:\/\/archive.sana.sy\/tr\/wp-content\/uploads\/2015\/12\/36-150x92.jpg\" class=\"attachment-thumbnail size-thumbnail\" alt=\"\" srcset=\"https:\/\/archive.sana.sy\/tr\/wp-content\/uploads\/2015\/12\/36-150x92.jpg 150w, https:\/\/archive.sana.sy\/tr\/wp-content\/uploads\/2015\/12\/36-300x184.jpg 300w, https:\/\/archive.sana.sy\/tr\/wp-content\/uploads\/2015\/12\/36-1024x627.jpg 1024w\" sizes=\"auto, (max-width: 150px) 100vw, 150px\" \/><\/a>\n\t\t\t<\/div><\/figure>\n\t\t<\/div>\n\n","protected":false},"excerpt":{"rendered":"<p>\u015eAM \u2013 Ba\u015fbakan Vai el Halaki bug\u00fcn \u2018Dera Vatan\u0131n Kalkan\u0131 Sosyal \u0130nisiyatifinden bir heyeti kabul\u00fcnde inisiyatifin, Suriye&#8217;nin her daim birlik beraberlik i\u00e7inde kalaca\u011f\u0131 y\u00f6n\u00fcnde d\u00fcnyaya bir mesaj niteli\u011fi ta\u015f\u0131d\u0131\u011f\u0131n\u0131 belirtti. Ba\u015fbakan Halaki Dera ilinde yurtsever vatanda\u015flar\u0131n daha \u00f6nce oldu\u011fu gibi vatan\u0131 savunma ve korumada \u00f6rnek te\u015fkil edeceklerini, g\u00fcn\u00fcm\u00fczde bu vatanda\u015flar\u0131n d\u00fc\u015fman ve ter\u00f6r \u00e7etelerine kar\u015f\u0131 &hellip;<\/p>\n","protected":false},"author":1,"featured_media":54394,"comment_status":"closed","ping_status":"closed","sticky":false,"template":"","format":"standard","meta":{"footnotes":""},"categories":[526,479,17988,525,478],"tags":[17982,17981],"class_list":["post-54390","post","type-post","status-publish","format-standard","has-post-thumbnail","","category-haber-ve-raporlar","category-haberler-yerel","category-son-haberler","category-toplum","category-yerel","tag-dera-vatanin-kalkani-sosyal-inisiyatifi","tag-basbakan-vai-el-halaki"],"_links":{"self":[{"href":"https:\/\/archive.sana.sy\/tr\/index.php?rest_route=\/wp\/v2\/posts\/54390","targetHints":{"allow":["GET"]}}],"collection":[{"href":"https:\/\/archive.sana.sy\/tr\/index.php?rest_route=\/wp\/v2\/posts"}],"about":[{"href":"https:\/\/archive.sana.sy\/tr\/index.php?rest_route=\/wp\/v2\/types\/post"}],"author":[{"embeddable":true,"href":"https:\/\/archive.sana.sy\/tr\/index.php?rest_route=\/wp\/v2\/users\/1"}],"replies":[{"embeddable":true,"href":"https:\/\/archive.sana.sy\/tr\/index.php?rest_route=%2Fwp%2Fv2%2Fcomments&post=54390"}],"version-history":[{"count":0,"href":"https:\/\/archive.sana.sy\/tr\/index.php?rest_route=\/wp\/v2\/posts\/54390\/revisions"}],"wp:featuredmedia":[{"embeddable":true,"href":"https:\/\/archive.sana.sy\/tr\/index.php?rest_route=\/wp\/v2\/media\/54394"}],"wp:attachment":[{"href":"https:\/\/archive.sana.sy\/tr\/index.php?rest_route=%2Fwp%2Fv2%2Fmedia&parent=54390"}],"wp:term":[{"taxonomy":"category","embeddable":true,"href":"https:\/\/archive.sana.sy\/tr\/index.php?rest_route=%2Fwp%2Fv2%2Fcategories&post=54390"},{"taxonomy":"post_tag","embeddable":true,"href":"https:\/\/archive.sana.sy\/tr\/index.php?rest_route=%2Fwp%2Fv2%2Ftags&post=54390"}],"curies":[{"name":"wp","href":"https:\/\/api.w.org\/{rel}","templated":true}]}}