{"id":54396,"date":"2015-12-05T15:18:39","date_gmt":"2015-12-05T13:18:39","guid":{"rendered":"http:\/\/www.sana.sy\/tr\/?p=54396"},"modified":"2015-12-05T17:23:33","modified_gmt":"2015-12-05T15:23:33","slug":"abd-isidin-caldigi-petrolu-erdogan-rejimine-sattigini-itiraf-etti","status":"publish","type":"post","link":"https:\/\/archive.sana.sy\/tr\/?p=54396","title":{"rendered":"ABD I\u015e\u0130D\u2019in \u00c7ald\u0131\u011f\u0131 Petrol\u00fc Erdo\u011fan Rejimine Satt\u0131\u011f\u0131n\u0131 \u0130tiraf Etti"},"content":{"rendered":"<p>NEW YORK \u2013 ABD d\u0131\u015fi\u015fleri bakan\u0131n\u0131n enerji i\u015flerinden sorumlu yard\u0131mc\u0131s\u0131 Amos Hostein I\u015e\u0130D\u2019in Suriye ve Irak\u2019tan \u00e7ald\u0131\u011f\u0131 petrol\u00fcn bir k\u0131sm\u0131n\u0131n T\u00fcrkiye&#8217;ye ka\u00e7\u0131r\u0131ld\u0131\u011f\u0131n\u0131 itiraf etti.<\/p>\n<p>Hostein bug\u00fcn yapt\u0131\u011f\u0131 a\u00e7\u0131klamada fakat bunun olduk\u00e7a az miktarda oldu\u011funu iddia ederek son zamanlarda da daha \u00e7ok azald\u0131\u011f\u0131n\u0131 \u00f6ne s\u00fcrd\u00fc.<\/p>\n<p>Rusya Savunma Bakanl\u0131\u011f\u0131 birka\u00e7 g\u00fcn \u00f6nce I\u015e\u0130D ile T\u00fcrkiye&#8217;de rejim ba\u015fkan\u0131 Recep Tayip Erdo\u011fan ve o\u011flu Bilal Erdo\u011fan aras\u0131nda \u00e7al\u0131nt\u0131 petrol kar\u015f\u0131l\u0131\u011f\u0131nda silah anla\u015fmas\u0131 kapsam\u0131nda ter\u00f6ristlerin Suriye ile T\u00fcrkiye aras\u0131nda canl\u0131 boru niteli\u011finde tanker konvoylar\u0131 arac\u0131l\u0131\u011f\u0131 ile \u00fc\u00e7 eksenden petrol ak\u0131\u015f\u0131na ili\u015fkin uydu g\u00f6r\u00fcnt\u00fcleri yay\u0131nlam\u0131\u015ft\u0131.<\/p>\n<p>I\u015e\u0130D\u2019in Suriye ve Irak\u2019tan \u00e7ald\u0131\u011f\u0131 petrol\u00fc Erdo\u011fan ve o\u011fluna yar\u0131 fiyat\u0131na satmas\u0131na ra\u011fmen g\u00fcnde ortalama olarak 3 milyon dolar finans elde etti\u011fi biliniyor. Fakat Suriye ve Rus hava g\u00fc\u00e7lerinin son zamanlarda T\u00fcrkiye&#8217;ye giden yak\u0131t tankerleri konvoylar\u0131n\u0131 imha etmeleri sonucunda Erdo\u011fan rejiminin bu gayr\u0131 me\u015fru ve yasad\u0131\u015f\u0131 ticaretten elde etti\u011fi kar\u0131n d\u00fc\u015fmesiyle Erdo\u011fan akl\u0131 dengesini adeta yitirdi.<\/p>\n","protected":false},"excerpt":{"rendered":"<p>NEW YORK \u2013 ABD d\u0131\u015fi\u015fleri bakan\u0131n\u0131n enerji i\u015flerinden sorumlu yard\u0131mc\u0131s\u0131 Amos Hostein I\u015e\u0130D\u2019in Suriye ve Irak\u2019tan \u00e7ald\u0131\u011f\u0131 petrol\u00fcn bir k\u0131sm\u0131n\u0131n T\u00fcrkiye&#8217;ye ka\u00e7\u0131r\u0131ld\u0131\u011f\u0131n\u0131 itiraf etti. Hostein bug\u00fcn yapt\u0131\u011f\u0131 a\u00e7\u0131klamada fakat bunun olduk\u00e7a az miktarda oldu\u011funu iddia ederek son zamanlarda da daha \u00e7ok azald\u0131\u011f\u0131n\u0131 \u00f6ne s\u00fcrd\u00fc. Rusya Savunma Bakanl\u0131\u011f\u0131 birka\u00e7 g\u00fcn \u00f6nce I\u015e\u0130D ile T\u00fcrkiye&#8217;de rejim ba\u015fkan\u0131 &hellip;<\/p>\n","protected":false},"author":1,"featured_media":54397,"comment_status":"closed","ping_status":"closed","sticky":false,"template":"","format":"standard","meta":{"footnotes":""},"categories":[458,459,447,17988,2554,2555],"tags":[17983],"class_list":["post-54396","post","type-post","status-publish","format-standard","has-post-thumbnail","","category-dunya1","category-haberler-arap-uluslararasi-politika","category-politika","category-son-haberler","category-suriye-ve-dunya","category-suriye-ve-turkiye","tag-abd-isidin-caldigi-petrolu-erdogan-rejimine-sattigini-itiraf-etti"],"_links":{"self":[{"href":"https:\/\/archive.sana.sy\/tr\/index.php?rest_route=\/wp\/v2\/posts\/54396","targetHints":{"allow":["GET"]}}],"collection":[{"href":"https:\/\/archive.sana.sy\/tr\/index.php?rest_route=\/wp\/v2\/posts"}],"about":[{"href":"https:\/\/archive.sana.sy\/tr\/index.php?rest_route=\/wp\/v2\/types\/post"}],"author":[{"embeddable":true,"href":"https:\/\/archive.sana.sy\/tr\/index.php?rest_route=\/wp\/v2\/users\/1"}],"replies":[{"embeddable":true,"href":"https:\/\/archive.sana.sy\/tr\/index.php?rest_route=%2Fwp%2Fv2%2Fcomments&post=54396"}],"version-history":[{"count":0,"href":"https:\/\/archive.sana.sy\/tr\/index.php?rest_route=\/wp\/v2\/posts\/54396\/revisions"}],"wp:featuredmedia":[{"embeddable":true,"href":"https:\/\/archive.sana.sy\/tr\/index.php?rest_route=\/wp\/v2\/media\/54397"}],"wp:attachment":[{"href":"https:\/\/archive.sana.sy\/tr\/index.php?rest_route=%2Fwp%2Fv2%2Fmedia&parent=54396"}],"wp:term":[{"taxonomy":"category","embeddable":true,"href":"https:\/\/archive.sana.sy\/tr\/index.php?rest_route=%2Fwp%2Fv2%2Fcategories&post=54396"},{"taxonomy":"post_tag","embeddable":true,"href":"https:\/\/archive.sana.sy\/tr\/index.php?rest_route=%2Fwp%2Fv2%2Ftags&post=54396"}],"curies":[{"name":"wp","href":"https:\/\/api.w.org\/{rel}","templated":true}]}}