{"id":54400,"date":"2015-12-05T15:31:33","date_gmt":"2015-12-05T13:31:33","guid":{"rendered":"http:\/\/www.sana.sy\/tr\/?p=54400"},"modified":"2015-12-05T15:31:33","modified_gmt":"2015-12-05T13:31:33","slug":"rusya-disisleri-bakanligi-disisleri-bakani-sergey-lavrovun-misir-disisleri-bakani-samih-sukru-ile-teroru-reddeden-suriyeli-muhalif-taraflari-birlestirme-icraatlari-ve-cabalarini-masaya-yatird","status":"publish","type":"post","link":"https:\/\/archive.sana.sy\/tr\/?p=54400","title":{"rendered":"Rusya D\u0131\u015fi\u015fleri Bakanl\u0131\u011f\u0131 D\u0131\u015fi\u015fleri Bakan\u0131 Sergey Lavrov\u2019un M\u0131s\u0131r D\u0131\u015fi\u015fleri Bakan\u0131 Samih \u015e\u00fckr\u00fc ile ter\u00f6r\u00fc reddeden Suriyeli muhalif taraflar\u0131 birle\u015ftirme icraatlar\u0131 ve \u00e7abalar\u0131n\u0131 masaya yat\u0131rd\u0131\u011f\u0131n\u0131 belirtti."},"content":{"rendered":"<p>Rusya D\u0131\u015fi\u015fleri Bakanl\u0131\u011f\u0131 D\u0131\u015fi\u015fleri Bakan\u0131 Sergey Lavrov\u2019un M\u0131s\u0131r D\u0131\u015fi\u015fleri Bakan\u0131 Samih \u015e\u00fckr\u00fc ile ter\u00f6r\u00fc reddeden Suriyeli muhalif taraflar\u0131 birle\u015ftirme icraatlar\u0131 ve \u00e7abalar\u0131n\u0131 masaya yat\u0131rd\u0131\u011f\u0131n\u0131 belirtti.<\/p>\n","protected":false},"excerpt":{"rendered":"<p>Rusya D\u0131\u015fi\u015fleri Bakanl\u0131\u011f\u0131 D\u0131\u015fi\u015fleri Bakan\u0131 Sergey Lavrov\u2019un M\u0131s\u0131r D\u0131\u015fi\u015fleri Bakan\u0131 Samih \u015e\u00fckr\u00fc ile ter\u00f6r\u00fc reddeden Suriyeli muhalif taraflar\u0131 birle\u015ftirme icraatlar\u0131 ve \u00e7abalar\u0131n\u0131 masaya yat\u0131rd\u0131\u011f\u0131n\u0131 belirtti.<\/p>\n","protected":false},"author":1,"featured_media":0,"comment_status":"closed","ping_status":"closed","sticky":false,"template":"","format":"standard","meta":{"footnotes":""},"categories":[1],"tags":[],"class_list":["post-54400","post","type-post","status-publish","format-standard","","category-news-not-sorted"],"_links":{"self":[{"href":"https:\/\/archive.sana.sy\/tr\/index.php?rest_route=\/wp\/v2\/posts\/54400","targetHints":{"allow":["GET"]}}],"collection":[{"href":"https:\/\/archive.sana.sy\/tr\/index.php?rest_route=\/wp\/v2\/posts"}],"about":[{"href":"https:\/\/archive.sana.sy\/tr\/index.php?rest_route=\/wp\/v2\/types\/post"}],"author":[{"embeddable":true,"href":"https:\/\/archive.sana.sy\/tr\/index.php?rest_route=\/wp\/v2\/users\/1"}],"replies":[{"embeddable":true,"href":"https:\/\/archive.sana.sy\/tr\/index.php?rest_route=%2Fwp%2Fv2%2Fcomments&post=54400"}],"version-history":[{"count":0,"href":"https:\/\/archive.sana.sy\/tr\/index.php?rest_route=\/wp\/v2\/posts\/54400\/revisions"}],"wp:attachment":[{"href":"https:\/\/archive.sana.sy\/tr\/index.php?rest_route=%2Fwp%2Fv2%2Fmedia&parent=54400"}],"wp:term":[{"taxonomy":"category","embeddable":true,"href":"https:\/\/archive.sana.sy\/tr\/index.php?rest_route=%2Fwp%2Fv2%2Fcategories&post=54400"},{"taxonomy":"post_tag","embeddable":true,"href":"https:\/\/archive.sana.sy\/tr\/index.php?rest_route=%2Fwp%2Fv2%2Ftags&post=54400"}],"curies":[{"name":"wp","href":"https:\/\/api.w.org\/{rel}","templated":true}]}}