{"id":54437,"date":"2015-12-05T19:13:41","date_gmt":"2015-12-05T17:13:41","guid":{"rendered":"http:\/\/sana.sy\/tr\/?p=54437"},"modified":"2015-12-06T09:54:08","modified_gmt":"2015-12-06T07:54:08","slug":"gaddar-ve-hain-saldirilarda-6-sehit-8-yarali","status":"publish","type":"post","link":"https:\/\/archive.sana.sy\/tr\/?p=54437","title":{"rendered":"Gaddar ve Hain Sald\u0131r\u0131larda 6 \u015eehit, 8 Yaral\u0131"},"content":{"rendered":"<p>\u0130LLER \u2013 Vahhabi \u00c2l Suud rejiminin destekledi\u011fi \u2018\u0130slam Ordusu\u2019na ek olarak I\u015e\u0130D radikal ter\u00f6r \u00f6rg\u00fct\u00fcne tabi \u00e7eteler sivil yerle\u015fim alanlar\u0131 ve savunmas\u0131z insanlar\u0131 yeniden k\u00f6r ve korkak roketlerle hedef ald\u0131lar.<\/p>\n<p><span style=\"color: #0000ff\">DEYREZZOR:<\/span><\/p>\n<p>Deyrezzor Valili\u011finde bir kaynak; I\u015e\u0130D ter\u00f6r \u00e7etelerinin bug\u00fcn Deyrezzor Kenti Cura Semtini havan roketleriyle hedef ald\u0131klar\u0131n\u0131 belirtti. Kaynak E\u011fitim M\u00fcd\u00fcrl\u00fc\u011f\u00fcn\u00fcn Muhasebe binas\u0131na d\u00fc\u015fen havan roketlerinde aralar\u0131nda 3 bayan \u00f6\u011fretmen ve 1 \u00e7ocu\u011fun bulundu\u011fu 6 vatanda\u015f\u0131n \u015fehit, yine aralar\u0131nda bir kad\u0131n\u0131n bulundu\u011fu 5 vatanda\u015f\u0131n da yaral\u0131 d\u00fc\u015ft\u00fc\u011f\u00fcn\u00fc beyan etti.<\/p>\n<p>I\u015e\u0130D \u00e7etelerinin g\u00fcn\u00fcn ilerleyen saatlerinde bir kez daha semte havanlarla sald\u0131rd\u0131klar\u0131n\u0131 belirten kaynak; sald\u0131r\u0131lar sonucunda birka\u00e7 evde b\u00fcy\u00fck maddi hasar\u0131n olu\u015ftu\u011funu s\u00f6yledi.<\/p>\n<p><span style=\"color: #0000ff\">\u015eAM:<\/span><\/p>\n<p>\u00d6te yandan \u015eam Emniyet M\u00fcd\u00fcrl\u00fc\u011f\u00fcnde bir kaynak SANA muhabirine a\u00e7\u0131klamas\u0131nda; Do\u011fu \u011euta\u2019da siperlenen ter\u00f6ristlerin bug\u00fcn \u015eam\u2019\u0131n R\u00fckneddin Semtindeki \u015eam \u0130slami Ara\u015ft\u0131rmalar ve \u0130lahiyat Bilimleri Y\u00fcksek Enstit\u00fcs\u00fcne tabi \u015eeyh Kiftaro Okulunu bir havan roketiyle hedef almalar\u0131 sonucunda 2 vatanda\u015f\u0131n yaraland\u0131\u011f\u0131n\u0131 ifade etti.<\/p>\n<p>G\u00fcn i\u00e7inde a\u00e7\u0131klama yapan bir kaynak; ter\u00f6ristlerin f\u0131rlatt\u0131\u011f\u0131 5 havan roketinin ba\u015fkent \u015eam\u2019\u0131n Salihiye B\u00f6lgesine ilaveten Bab Tuma ve Kassa semtlerine d\u00fc\u015fmeleri sonucunda bir kad\u0131n ve 3 \u00e7ocu\u011funun yaraland\u0131\u011f\u0131n\u0131; sivillere ait m\u00fclklerde b\u00fcy\u00fck maddi hasar\u0131n olu\u015ftu\u011funu belirtti.<\/p>\n<p>M.M.<\/p>\n","protected":false},"excerpt":{"rendered":"<p>\u0130LLER \u2013 Vahhabi \u00c2l Suud rejiminin destekledi\u011fi \u2018\u0130slam Ordusu\u2019na ek olarak I\u015e\u0130D radikal ter\u00f6r \u00f6rg\u00fct\u00fcne tabi \u00e7eteler sivil yerle\u015fim alanlar\u0131 ve savunmas\u0131z insanlar\u0131 yeniden k\u00f6r ve korkak roketlerle hedef ald\u0131lar. DEYREZZOR: Deyrezzor Valili\u011finde bir kaynak; I\u015e\u0130D ter\u00f6r \u00e7etelerinin bug\u00fcn Deyrezzor Kenti Cura Semtini havan roketleriyle hedef ald\u0131klar\u0131n\u0131 belirtti. Kaynak E\u011fitim M\u00fcd\u00fcrl\u00fc\u011f\u00fcn\u00fcn Muhasebe binas\u0131na d\u00fc\u015fen havan &hellip;<\/p>\n","protected":false},"author":1,"featured_media":54438,"comment_status":"closed","ping_status":"closed","sticky":false,"template":"","format":"standard","meta":{"footnotes":""},"categories":[575,17988],"tags":[],"class_list":["post-54437","post","type-post","status-publish","format-standard","has-post-thumbnail","","category-olaylar-ve-gercekler","category-son-haberler"],"_links":{"self":[{"href":"https:\/\/archive.sana.sy\/tr\/index.php?rest_route=\/wp\/v2\/posts\/54437","targetHints":{"allow":["GET"]}}],"collection":[{"href":"https:\/\/archive.sana.sy\/tr\/index.php?rest_route=\/wp\/v2\/posts"}],"about":[{"href":"https:\/\/archive.sana.sy\/tr\/index.php?rest_route=\/wp\/v2\/types\/post"}],"author":[{"embeddable":true,"href":"https:\/\/archive.sana.sy\/tr\/index.php?rest_route=\/wp\/v2\/users\/1"}],"replies":[{"embeddable":true,"href":"https:\/\/archive.sana.sy\/tr\/index.php?rest_route=%2Fwp%2Fv2%2Fcomments&post=54437"}],"version-history":[{"count":0,"href":"https:\/\/archive.sana.sy\/tr\/index.php?rest_route=\/wp\/v2\/posts\/54437\/revisions"}],"wp:featuredmedia":[{"embeddable":true,"href":"https:\/\/archive.sana.sy\/tr\/index.php?rest_route=\/wp\/v2\/media\/54438"}],"wp:attachment":[{"href":"https:\/\/archive.sana.sy\/tr\/index.php?rest_route=%2Fwp%2Fv2%2Fmedia&parent=54437"}],"wp:term":[{"taxonomy":"category","embeddable":true,"href":"https:\/\/archive.sana.sy\/tr\/index.php?rest_route=%2Fwp%2Fv2%2Fcategories&post=54437"},{"taxonomy":"post_tag","embeddable":true,"href":"https:\/\/archive.sana.sy\/tr\/index.php?rest_route=%2Fwp%2Fv2%2Ftags&post=54437"}],"curies":[{"name":"wp","href":"https:\/\/api.w.org\/{rel}","templated":true}]}}