{"id":54442,"date":"2015-12-06T16:43:26","date_gmt":"2015-12-06T14:43:26","guid":{"rendered":"http:\/\/www.sana.sy\/tr\/?p=54442"},"modified":"2015-12-07T13:57:45","modified_gmt":"2015-12-07T11:57:45","slug":"el-esad-ingiliz-sunday-times-gazetesine-roportaj-verdi","status":"publish","type":"post","link":"https:\/\/archive.sana.sy\/tr\/?p=54442","title":{"rendered":"Hava Saham\u0131z\u0131 Savunmak Yasal Hakk\u0131m\u0131zd\u0131r.. \u00d6nceli\u011fimiz Ter\u00f6ristleri Hezimete U\u011fratmakt\u0131r"},"content":{"rendered":"<p>\u015eAM \u2013 Cumhurba\u015fkan\u0131 Be\u015f\u015far el Esad \u0130ngiltere ve Fransa\u2019n\u0131n ter\u00f6re kar\u015f\u0131 sava\u015f iradesine sahip olmad\u0131klar\u0131n\u0131, ter\u00f6r\u00fc hezimete u\u011fratma vizyonuna da sahip olmad\u0131klar\u0131n\u0131 belirtti.<\/p>\n<p><span style=\"color: #0000ff\">Ter\u00f6r Kanser Gibidir<\/span><\/p>\n<p>El Esad \u0130ngiliz Sunday Times Gazetesine verdi\u011fi r\u00f6portajda; \u0130ngiltere ve Fransa\u2019n\u0131n I\u015e\u0130D\u2019e y\u00f6nelik bulunduklar\u0131 kanunsuz operasyonlar\u0131n faydas\u0131 olmayaca\u011f\u0131 gibi aksine ona destek olaca\u011f\u0131n\u0131 ifade etti. Ter\u00f6r\u00fc kansere benzeten el Esad; kanser hastal\u0131\u011f\u0131nda bilin\u00e7siz bir cerrahi operasyonunun kanseri yok etmek yerine daha \u00e7ok bula\u015ft\u0131raca\u011f\u0131n\u0131 ve daha \u00e7ok yay\u0131lmas\u0131na yol a\u00e7aca\u011f\u0131na dikkat \u00e7ekti.<\/p>\n<p>\u0130ngiltere ve Fransa\u2019n\u0131n Suriye&#8217;de olaylar\u0131n ba\u015f\u0131ndan beri ter\u00f6ristleri destekledi\u011fine dikkat \u00e7eken el Esad; ABD komutas\u0131ndaki koalisyona kat\u0131lmalar\u0131ndan ama\u00e7lar\u0131n\u0131n ter\u00f6rle m\u00fccadele olmad\u0131\u011f\u0131n\u0131 ifade etti. El Esad ter\u00f6rle m\u00fccadelenin etkin olmas\u0131 i\u00e7in o \u00fclkede bulunan kara g\u00fc\u00e7leriyle i\u015fbirli\u011fi ve koordinasyonun ka\u00e7\u0131n\u0131lmaz oldu\u011funun alt\u0131n\u0131 \u00e7izdi.<\/p>\n<p><span style=\"color: #0000ff\">Ne Yasal Ne de Etkin De\u011fildir<\/span><\/p>\n<p>ABD komutas\u0131ndaki uluslar aras\u0131 koalisyon konusunda ise el Esad; bu koalisyonun sanal oldu\u011funu, ter\u00f6re kar\u015f\u0131 pratikte hi\u00e7bir etkisi olmad\u0131\u011f\u0131n\u0131 s\u00f6yledi. El Esad Suriye&#8217;nin bu koalisyonun yapt\u0131klar\u0131n\u0131 tart\u0131\u015fmakla zaman kaybetmeyece\u011fini ifade ederken, ter\u00f6re kar\u015f\u0131 ba\u015flatt\u0131\u011f\u0131 sava\u015f\u0131n\u0131 uluslar aras\u0131 herhangi bir g\u00fcc\u00fcn varl\u0131\u011f\u0131yla ilgilenmeden s\u00fcrd\u00fcrece\u011finin alt\u0131n\u0131 \u00e7izdi.<\/p>\n<p>Koalisyon g\u00fc\u00e7leri ya da \u0130ngiltere ve Fransa&#8217;n\u0131n bulunduklar\u0131 operasyonlar\u0131n yasall\u0131\u011f\u0131 konusunda ise el Esad; Suriye h\u00fck\u00fcmeti ve ordusunun onay\u0131n\u0131 almayan, onlarla koordinasyonda bulunmayan hi\u00e7bir g\u00fcc\u00fcn bulunaca\u011f\u0131 operasyonlar\u0131n me\u015fru yada yasal olmayaca\u011f\u0131n\u0131 vurgulad\u0131. El Esad operasyonlar\u0131n ancak ve ancak me\u015fru h\u00fck\u00fcmetle koordinasyon ve i\u015fbirli\u011fi i\u00e7inde olmas\u0131 halinde kanuni olaca\u011f\u0131n\u0131 ifade etti.<\/p>\n<p><a href=\"http:\/\/www.sana.sy\/tr\/wp-content\/uploads\/2015\/12\/211.jpg\" rel=\"attachment wp-att-54445\"><img loading=\"lazy\" decoding=\"async\" class=\"alignright wp-image-54445 size-medium\" src=\"http:\/\/www.sana.sy\/tr\/wp-content\/uploads\/2015\/12\/211-300x148.jpg\" alt=\"2\" width=\"300\" height=\"148\" srcset=\"https:\/\/archive.sana.sy\/tr\/wp-content\/uploads\/2015\/12\/211-300x148.jpg 300w, https:\/\/archive.sana.sy\/tr\/wp-content\/uploads\/2015\/12\/211-150x74.jpg 150w, https:\/\/archive.sana.sy\/tr\/wp-content\/uploads\/2015\/12\/211.jpg 660w\" sizes=\"auto, (max-width: 300px) 100vw, 300px\" \/><\/a>Bu operasyonlar\u0131n etkinli\u011fi konusunda el Esad; bir y\u0131la a\u015fk\u0131n bir zamand\u0131r devam etmesine ra\u011fmen I\u015e\u0130D, Nusra Cephesi ve benzeri radikal \u00f6rg\u00fctlerin Suriye&#8217;de daha \u00e7ok yay\u0131ld\u0131klar\u0131na dikkat \u00e7ekti. El Esad Rus hava g\u00fc\u00e7lerinin ise k\u0131sa bir s\u00fcre i\u00e7inde bu ter\u00f6r \u00f6rg\u00fctleri ciddi kay\u0131plara u\u011fratt\u0131klar\u0131na i\u015faret ederken, koalisyon operasyonlar\u0131n\u0131n sonu\u00e7lar\u0131 ile Rus hava g\u00fc\u00e7lerinin operasyonlar\u0131n\u0131n sonu\u00e7lar\u0131n\u0131n k\u0131yaslanmas\u0131 halinde durumlar\u0131n net bir \u015fekilde g\u00f6r\u00fclece\u011fini ifade etti.<\/p>\n<p>S\u00f6zlerine devam eden el Esad Rus hava g\u00fc\u00e7lerinin operasyonlar\u0131n\u0131n etkili ve ba\u015far\u0131l\u0131 olmas\u0131n\u0131n nedeninin ise Rusya&#8217;n\u0131n Suriye h\u00fck\u00fcmeti ve ordusu ile koordinasyon i\u00e7inde olmas\u0131n\u0131n yan\u0131nda ter\u00f6re kar\u015f\u0131 sava\u015fta ciddi ve ger\u00e7ek bir iradeye sahip olmas\u0131ndan kaynakland\u0131\u011f\u0131n\u0131 belirtti.<\/p>\n<p><span style=\"color: #0000ff\">Bat\u0131l\u0131lar\u0131n Kendileri \u0130tiraf Etti<\/span><\/p>\n<p>I\u015e\u0130D\u2019in var olmas\u0131nda Bat\u0131l\u0131lar\u0131n parma\u011f\u0131 oldu\u011fu iddialar\u0131n\u0131n su\u00e7lama olaca\u011f\u0131 konusunda bir soruya cevab\u0131nda el Esad; bunun Bat\u0131l\u0131lar\u0131n bizzat kendileri taraf\u0131ndan da itiraf edildi\u011fini belirtti.<\/p>\n<p>El Esad \u0130ngiltere eski ba\u015fbakan\u0131 Tony Blair\u2019in \u2018I\u015e\u0130D\u2019in 2006 y\u0131l\u0131nda Irak\u2019ta ABD kontrol\u00fcnde aleni bir \u015fekilde te\u015fkil edildi\u011fini\u2019 ifade eden s\u00f6zlerine dikkat \u00e7ekti. I\u015e\u0130D\u2019in o zaman \u2018Ebu Musab el Zerkavi\u2019 liderli\u011finde te\u015fkil edildi\u011fine dikkat \u00e7eken el Esad; eleba\u015flar\u0131n\u0131n b\u00fcy\u00fck \u00e7o\u011funlu\u011funun da ABD kontrol\u00fcndeki cezaevlerinden \u00e7\u0131kt\u0131klar\u0131na dikkat \u00e7ekti.<\/p>\n<p>El Esad I\u015e\u0130D\u2019in Irak\u2019ta te\u015fkil edildi\u011fini, daha sonra da Suriye&#8217;de Bat\u0131l\u0131 devletlerin provoke edip destekledi\u011fi kaosun Suriye&#8217;de ba\u015flamas\u0131yla Suriye&#8217;ye ta\u015f\u0131nd\u0131\u011f\u0131n\u0131n alt\u0131n\u0131 \u00e7izdi.<\/p>\n<p><span style=\"color: #0000ff\">Ayn\u0131 \u0130deolojiye Sahipler<\/span><\/p>\n<p>Kaide \u00d6rg\u00fct\u00fcn\u00fcn Suriye kolu Nusra Cephesinin Avrupa i\u00e7in uzun s\u00fcreli olarak I\u015e\u0130D\u2019ten daha tehlikeli olup olmad\u0131\u011f\u0131 ve \u0130ngiltere&#8217;nin I\u015e\u0130D yerine Nusra Cephesine kar\u015f\u0131 sava\u015fmas\u0131n\u0131n daha do\u011fru olup olmayaca\u011f\u0131na ili\u015fkin soruya cevab\u0131nda el Esad; temel olarak t\u00fcm bu ter\u00f6r \u00f6rg\u00fctlerin ayn\u0131 Vahhabi karanl\u0131k ideolojiye sahip olduklar\u0131n\u0131 belirtti.<\/p>\n<p>\u0130ki ter\u00f6r \u00f6rg\u00fct\u00fcn\u00fcn eylemlerinde \u00f6rg\u00fctsel bir yap\u0131ya de\u011fil de karanl\u0131k radikal bir ideolojiye dayand\u0131klar\u0131na dikkat \u00e7eken el Esad; ayn\u0131 ideolojiye sahip olmalar\u0131yla aralar\u0131nda fark bulman\u0131n m\u00fcmk\u00fcn olmad\u0131\u011f\u0131n\u0131 ifade etti.<\/p>\n<p>S\u00f6zlerine devam eden el Esad iki \u00f6rg\u00fct\u00fcn taraftarlar\u0131 ve \u00fcyeleri a\u00e7\u0131s\u0131ndan ele al\u0131nd\u0131klar\u0131nda da ayn\u0131 oldu\u011funun g\u00f6r\u00fclece\u011fini belirterek, ayn\u0131 \u015fah\u0131slar\u0131n radikal \u00f6rg\u00fctler aras\u0131nda s\u00fcrekli olarak saf de\u011fi\u015ftirdi\u011finin g\u00f6r\u00fcld\u00fc\u011f\u00fcne vurgu yapt\u0131. El Esad iki \u00f6rg\u00fct\u00fcn Kaide \u00d6rg\u00fct\u00fcnden t\u00fcremi\u015f olduklar\u0131n\u0131, yerel olarak farkl\u0131 hedefleri olsa da temelde ayn\u0131 olduklar\u0131n\u0131, tehlike a\u00e7\u0131s\u0131ndan da bir olduklar\u0131n\u0131n alt\u0131n\u0131 \u00e7izdi.<\/p>\n<p><span style=\"color: #0000ff\">Yalan Dolan\u0131n Yeni Bir Halkas\u0131d\u0131r<\/span><\/p>\n<p>\u0130ngiltere ba\u015fbakan\u0131 David Cameron\u2019un \u2018Suriye&#8217;de 70 bin \u0131l\u0131ml\u0131 sava\u015f\u00e7\u0131 bulundu\u011funu\u2019 ifade eden a\u00e7\u0131klamalar\u0131n\u0131 ger\u00e7ekler yerine \u00e7arp\u0131t\u0131lm\u0131\u015f sahte bilgiler zincirinin yeni bir halkas\u0131 oldu\u011funu ifade eden el Esad; Rusya&#8217;n\u0131n daha \u00f6nce bir\u00e7ok kez \u0131srarla \u2018\u0131l\u0131ml\u0131 muhaliflerin\u2019 bulunduklar\u0131 yerler ve komutanlar\u0131 hakk\u0131nda bu devletlerden bilgi talep etti\u011fine dikkat \u00e7ekti. El Esad fakat hi\u00e7bir devletin bu bilgileri vermeye yana\u015fmad\u0131\u011f\u0131na vurgu yapt\u0131.<\/p>\n<p>Suriye&#8217;de olaylar\u0131n ba\u015flad\u0131\u011f\u0131 ilk andan beri buna benzer yalan dolanlar \u00f6ne s\u00fcr\u00fcld\u00fc\u011f\u00fcne dikkat \u00e7eken el Esad; Bat\u0131l\u0131lar\u0131n bu gibi yalanlar ve \u00e7arp\u0131t\u0131lm\u0131\u015f bilgilerden ama\u00e7lar\u0131n\u0131n Suriye&#8217;de ter\u00f6r\u00fc desteklemek ve krizin s\u00fcresini uzatmak oldu\u011funu ifade etti.<\/p>\n<p>Suriye&#8217;deki ter\u00f6ristlerin adlar\u0131nda farkl\u0131 \u00f6zlerinde radikal ter\u00f6r gruplardan olduklar\u0131n\u0131n kendilerinin payla\u015ft\u0131klar\u0131 g\u00f6r\u00fcnt\u00fclerde, eylemlerinde ve y\u00f6ntemlerinde net bir \u015fekilde g\u00f6r\u00fcld\u00fc\u011f\u00fcne vurgu yapan el Esad; t\u00fcm\u00fcn\u00fcn savunmas\u0131z insanlar\u0131 ve hizmet kurumlar\u0131n\u0131 hedef ald\u0131klar\u0131n\u0131, a\u00e7\u0131klama ve sloganlar\u0131nda bile radikal olduklar\u0131n\u0131n net bir \u015fekilde g\u00f6r\u00fcld\u00fc\u011f\u00fcne dikkat \u00e7ekti.<\/p>\n<p>S\u00f6zlerine devam eden el Esad; her \u015feye ra\u011fmen sonu\u00e7 itibar\u0131yla halk\u0131 ve devlet kurumlar\u0131n\u0131 hedef alan silahl\u0131 gruplar\u0131n d\u00fcnyan\u0131n hi\u00e7bir devletinde \u0131l\u0131ml\u0131 ya da muhalif olarak kabul edilmelerinin kesinlikle m\u00fcmk\u00fcn olmad\u0131\u011f\u0131n\u0131n alt\u0131n\u0131 \u00e7izdi.<\/p>\n<p><span style=\"color: #0000ff\">K\u00fcrtler Suriye Ordusuyla Yan Yana Sava\u015f\u0131yor<\/span><\/p>\n<p>K\u00fcrtlerin veya \u2018\u00d6SO\u2019 konusunda bir soruya cevab\u0131nda el Esad; K\u00fcrtlerin Suriye ordusuyla birlikte ter\u00f6re kar\u015f\u0131 sava\u015ft\u0131klar\u0131n\u0131 s\u00f6yledi.<\/p>\n<p>K\u00fcrtlerin de ABD\u2019den destek ald\u0131klar\u0131 konusunda bir soruya cevab\u0131nda ise el Esad; K\u00fcrtlerin genel temel desteklerini Suriye ordusundan ald\u0131klar\u0131n\u0131, bunu kan\u0131tlayan belgelerinde mevcut oldu\u011funu vurgulad\u0131.<\/p>\n<p>El Esad K\u00fcrtlerin Suriyeli vatanda\u015flar olmalar\u0131 ve ger\u00e7ekten ter\u00f6re kar\u015f\u0131 sava\u015fmak istemelerinden dolay\u0131 Suriye ordusunun onlara gerekeli silah ve m\u00fchimmat\u0131 temin etti\u011fini belirtti. Suriye&#8217;nin K\u00fcrtler gibi daha bir\u00e7ok gruba silah ve m\u00fchimmat temin etti\u011fini ifade eden el Esad; ordunun tek ba\u015f\u0131na her yerde bulunmas\u0131 ve ter\u00f6re kar\u015f\u0131 sava\u015fmas\u0131n\u0131n imkans\u0131z oldu\u011funu s\u00f6yledi.<\/p>\n<p><span style=\"color: #0000ff\">Erken Se\u00e7imlerle Krizin \u00c7\u00f6z\u00fcm\u00fc Aras\u0131nda Ba\u011flant\u0131 Yoktur<\/span><\/p>\n<p>Bat\u0131l\u0131 yetkililerin kendisinin g\u00f6revinden \u00e7ekilmesi ya da kalmas\u0131na ili\u015fkin son a\u00e7\u0131klamalar\u0131 konusunda bir soruya cevab\u0131nda el Esad; Suriye&#8217;deki krize son verme ile erken se\u00e7imler aras\u0131nda bir ba\u011flant\u0131 olmad\u0131\u011f\u0131n\u0131 belirtti.<\/p>\n<p>S\u00f6zlerine devam eden el Esad Suriye&#8217;deki krize \u00e7\u00f6z\u00fcm\u00fcn ancak ve ancak ter\u00f6re d\u0131\u015f deste\u011fin kesilmesi ve ter\u00f6r\u00fcn yok edilmesiyle m\u00fcmk\u00fcn oldu\u011funu vurgulad\u0131. El Esad erken se\u00e7imlerin ise sadece muhtelif siyasi g\u00fc\u00e7ler aras\u0131ndaki kapsaml\u0131 diyalogun bir par\u00e7as\u0131 olarak yap\u0131laca\u011f\u0131n\u0131 ifade etti. Dolay\u0131s\u0131yla Suriye&#8217;de cumhurba\u015fkan\u0131 meselesinin cumhurba\u015fkan\u0131 ile de\u011fil, halk\u0131n iradesiyle ba\u011flant\u0131l\u0131 oldu\u011funun alt\u0131n\u0131 \u00e7izdi.<\/p>\n<p>El Esad kendisinin se\u00e7imlerde aday olup olmayaca\u011f\u0131 konusunda ise se\u00e7imlerin olaca\u011f\u0131 zamanda kendisini sorumluluklar\u0131 \u00fcstlenme durumunda olup olmamas\u0131na ilaveten halk deste\u011finin olup olmayaca\u011f\u0131na ba\u011fl\u0131 oldu\u011funu belirtti.<\/p>\n<p><span style=\"color: #0000ff\">Hava Operasyonlar\u0131 Tek Ba\u015f\u0131na Yetersizdir<\/span><\/p>\n<p><a href=\"http:\/\/www.sana.sy\/tr\/wp-content\/uploads\/2015\/12\/37.jpg\" rel=\"attachment wp-att-54446\"><img loading=\"lazy\" decoding=\"async\" class=\"alignright wp-image-54446 size-medium\" src=\"http:\/\/www.sana.sy\/tr\/wp-content\/uploads\/2015\/12\/37-300x200.jpg\" alt=\"3\" width=\"300\" height=\"200\" srcset=\"https:\/\/archive.sana.sy\/tr\/wp-content\/uploads\/2015\/12\/37-300x200.jpg 300w, https:\/\/archive.sana.sy\/tr\/wp-content\/uploads\/2015\/12\/37-150x100.jpg 150w, https:\/\/archive.sana.sy\/tr\/wp-content\/uploads\/2015\/12\/37.jpg 660w\" sizes=\"auto, (max-width: 300px) 100vw, 300px\" \/><\/a>I\u015e\u0130D\u2019in yok edilmesi i\u00e7in hava operasyonlar\u0131n\u0131n yeterli olup olmayaca\u011f\u0131 konusunda el Esad; ku\u015fkusuz yeterli olmayaca\u011f\u0131n\u0131 belirtti.<\/p>\n<p>I\u015e\u0130D\u2019in yok edilmesi i\u00e7in kara g\u00fc\u00e7leriyle birlikte me\u015fru h\u00fck\u00fcmet ve halkla i\u015fbirli\u011finin olmas\u0131n\u0131n gere\u011fine dikkat \u00e7eken el Esad; Suriye&#8217;de ter\u00f6rle ciddi bir \u015fekilde sava\u015fan me\u015fru Suriye h\u00fck\u00fcmeti ve ordusuyla koordinasyonun ka\u00e7\u0131n\u0131lmaz oldu\u011funu ifade etti.<\/p>\n<p>Suriye h\u00fck\u00fcmeti ve ordusuyla koordinasyonun reddedilmesine devam edilmesi halinde Suriye&#8217;nin plan\u0131 konusunda ise el Esad; ABD komutas\u0131ndaki koalisyonun sanal ve hayali oldu\u011funu ifade etti.<br \/>\nEl Esad Suriye&#8217;nin de ter\u00f6re kar\u015f\u0131 ciddi ve kararl\u0131 bir sava\u015f ba\u015flatt\u0131\u011f\u0131n\u0131, hayali ya da etkisi olmayan \u015feylerle kaybedecek zaman\u0131 olmad\u0131\u011f\u0131 gibi bu sava\u015f\u0131n\u0131 kararl\u0131l\u0131kla s\u00fcrd\u00fcrece\u011finin alt\u0131n\u0131 \u00e7izdi. Suriye&#8217;nin ter\u00f6rle ger\u00e7ekten m\u00fccadele etmek isteyen istisnas\u0131z her taraf\u0131 memnuniyetle kar\u015f\u0131layaca\u011f\u0131n\u0131 ifade eden el Esad; ter\u00f6re kar\u015f\u0131 sava\u015fta ciddiyet ve kararl\u0131ktan cayman\u0131n s\u00f6z konusu olmayaca\u011f\u0131n\u0131 s\u00f6yledi.<\/p>\n<p>Suriye&#8217;nin Bat\u0131l\u0131 devletleri ter\u00f6re kar\u015f\u0131 sava\u015fta Suriye ordusu ile koordinasyon ve i\u015fbirli\u011fine davet edip etmeyece\u011fine ili\u015fkin soruya cevab\u0131nda ise el Esad; Suriye&#8217;nin ter\u00f6re kar\u015f\u0131 sava\u015fta ciddi t\u00fcm taraflara a\u00e7\u0131k oldu\u011funu bir kez daha vurgulad\u0131. Bat\u0131l\u0131 devletlerin de bu konuda iradeleri olmad\u0131\u011f\u0131n\u0131 bilmesiyle ger\u00e7ek\u00e7i davranaca\u011f\u0131n\u0131 ifade eden el Esad; Bat\u0131l\u0131 devletlerin uluslar aras\u0131 kararlar ve kanunlar\u0131n yan\u0131 s\u0131ra BM misak\u0131n\u0131 bildiklerini s\u00f6yledi. El Esad fakat bu devletlerin s\u00f6z konusu kanun, karar ve misaka sayg\u0131 duymad\u0131klar\u0131n\u0131, dolay\u0131s\u0131yla da Suriye&#8217;nin onlardan i\u015fbirli\u011fi talep etmeyece\u011fini s\u00f6yledi.<\/p>\n<p><span style=\"color: #0000ff\">Bu Mevzu \u0130ki Fakt\u00f6re Dayal\u0131d\u0131r<\/span><\/p>\n<p>Suriye&#8217;nin m\u00fcttefikleriyle birlikte I\u015e\u0130D\u2019i bertaraf etme g\u00fcc\u00fcne sahip olup olmad\u0131\u011f\u0131na ili\u015fkin soruya cevab\u0131nda ise el Esad bu mevzunun iki fakt\u00f6re dayal\u0131 oldu\u011funu belirtti.<\/p>\n<p>\u0130lk fakt\u00f6r\u00fcn Suriye ve m\u00fcttefiklerinin g\u00fcc\u00fc oldu\u011funu belirten el Esad; ikinci fakt\u00f6r\u00fcn ise ter\u00f6ristlerin ald\u0131klar\u0131 destekten ibaret oldu\u011funu ifade etti. El Esad ter\u00f6re deste\u011fin kesilmesi halinde bu ter\u00f6r\u00fc yok etmenin sadece birka\u00e7 ay alabilece\u011fini belirtti.<\/p>\n<p>S\u00f6zlerine devam eden el Esad Suriye&#8217;deki kriz ve ter\u00f6r\u00fcn devam etmesinin temel nedeninin kimi devletlerin ter\u00f6re s\u0131n\u0131rs\u0131z destekleri oldu\u011funun alt\u0131n\u0131 \u00e7izdi.<\/p>\n<p><span style=\"color: #0000ff\">Her Sava\u015f K\u00f6t\u00fcd\u00fcr, Fakat A\u011f\u0131r Kay\u0131plar\u0131n Nedeni D\u0131\u015f Destektir<\/span><\/p>\n<p>Suriye&#8217;nin \u015fu ana dek a\u011f\u0131r bedel \u00f6dedi\u011fi ve bu meselede Suriye h\u00fck\u00fcmetine d\u00fc\u015fen sorumluluk konusunda ise el Esad; ku\u015fkusuz ki her sava\u015f\u0131n k\u00f6t\u00fc oldu\u011funu ifade etti.<\/p>\n<p>El Esad her sava\u015fta masum insanlar\u0131n kurban gidece\u011fine dikkat \u00e7ekerken; Bat\u0131l\u0131lar\u0131n Suriye&#8217;de cereyan eden sava\u015f\u0131n ilk g\u00fcnlerinden beri ter\u00f6ristlerin masum ve savunmas\u0131z insanlar\u0131 \u00f6ld\u00fcrd\u00fckleri ger\u00e7e\u011fini g\u00f6rmezden geldiklerini belirtti. Ayn\u0131 zamanda sava\u015f s\u00fcresince kurban gidenlerin b\u00fcy\u00fck \u00e7o\u011funlu\u011funun devlet yanl\u0131s\u0131 olduklar\u0131n\u0131 da g\u00f6rmezden geldiklerine dikkat \u00e7eken el Esad; Suriye h\u00fck\u00fcmetinin ter\u00f6re kar\u015f\u0131 sava\u015fmaktan ba\u015fka bir \u015fey yapmad\u0131\u011f\u0131n\u0131, bunun da sahip oldu\u011fu yeg\u00e2ne se\u00e7enek oldu\u011fu ger\u00e7e\u011fini de g\u00f6rmezden geldiklerini ifade etti.<\/p>\n<p>El Esad Suriye h\u00fck\u00fcmetinin bu sava\u015fta yasal ve insani sorumlulu\u011funu yerine getirdi\u011fini, Bat\u0131l\u0131lar\u0131n as\u0131ls\u0131z su\u00e7lamalar\u0131 y\u00fcz\u00fcnden de halk\u0131n\u0131n ter\u00f6ristler taraf\u0131ndan katledilmesi kar\u015f\u0131s\u0131nda sesiz kalmas\u0131n\u0131n m\u00fcmk\u00fcn olmad\u0131\u011f\u0131n\u0131 ifade etti.<\/p>\n<p><span style=\"color: #0000ff\">B\u00f6yle Bir \u0130ddia Sadece Varsay\u0131md\u0131r<\/span><\/p>\n<p>Rusya&#8217;n\u0131n zaman\u0131nda m\u00fcdahalesi olmasayd\u0131 Suriye&#8217;nin d\u00fc\u015fme e\u015fi\u011fine geldi\u011fi konusunda bir soruya cevab\u0131nda el Esad; Rusya&#8217;n\u0131n bulundu\u011fu m\u00fcdahalenin askeri ve siyasi a\u00e7\u0131dan b\u00fcy\u00fck \u00f6neme sahip oldu\u011funun inkar edilemez bir ger\u00e7ek oldu\u011funu belirtti.<\/p>\n<p>El Esad fakat Rusya&#8217;n\u0131n bu rol\u00fc olmadan Suriye&#8217;nin d\u00fc\u015fece\u011fi iddias\u0131n\u0131n sadece bir varsay\u0131m oldu\u011funu s\u00f6yledi. Suriye&#8217;de krizin ba\u015f\u0131ndan beri bu gibi s\u00f6ylemlerin ortaya \u00e7\u0131kt\u0131\u011f\u0131n\u0131 hat\u0131rlatan el Esad, ilk ba\u015flarda Suriye&#8217;nin birka\u00e7 haftada d\u00fc\u015fece\u011fini, daha sonra bu s\u00fcrenin birka\u00e7 oldu\u011funun iddia edildi\u011fine dikkat \u00e7ekti. El Esad bu iddialar\u0131n her defas\u0131nda ger\u00e7eklere de\u011fil de arzu ve hayallere dayand\u0131\u011f\u0131n\u0131 s\u00f6yledi.<\/p>\n<p>El Esad her \u015feye ra\u011fmen Rusya ve Suriye&#8217;nin di\u011fer dostlar\u0131n\u0131n olaylar\u0131n ba\u015flad\u0131\u011f\u0131 ilk anlardan beri \u00f6nemli ve etkin bir rol oynad\u0131klar\u0131n\u0131, askeri, ekonomik, siyasi ve daha ba\u015fka t\u00fcm alanlarda Suriye&#8217;ye verdikleri deste\u011fin b\u00fcy\u00fck katk\u0131 sa\u011flad\u0131\u011f\u0131n\u0131 ifade etti.<\/p>\n<p><span style=\"color: #0000ff\">Ter\u00f6r\u00fcn Yay\u0131larak T\u00fcm B\u00f6lge ve Rusya&#8217;y\u0131 Tehdit Etmesi Sonucunda Oldu<\/span><\/p>\n<p>Rusya&#8217;n\u0131n m\u00fcdahale zaman\u0131na ili\u015fkin soruya cevab\u0131nda el Esad; Rusya&#8217;n\u0131n kimi devletlerin s\u0131n\u0131rs\u0131z deste\u011fi sonucunda yay\u0131lan, t\u00fcm b\u00f6lge ve Rusya&#8217;n\u0131n kendisini tehdit edecek konuma gelmesi ard\u0131ndan direk m\u00fcdahaleye karar verdi\u011fini ifade etti.<\/p>\n<p>El Esad Fransa, \u0130ngiltere ve daha ba\u015fka devletlerde ter\u00f6r eylemlerinin meydana gelmesiyle ter\u00f6r\u00fcn sadece b\u00f6lgeyi de\u011fil t\u00fcm d\u00fcnyay\u0131 tehdit etti\u011fi ger\u00e7e\u011finin idrak edildi\u011fine dikkat \u00e7ekti. Suriye&#8217;de deneyim kazanan ter\u00f6ristlerin Avrupa&#8217;ya gitmelerinin yan\u0131nda Avrupa&#8217;da bulunan radikallerin Suriye&#8217;ye gelmeleri tehlikesinin ciddiyetine dikkat \u00e7eken el Esad; Rusya&#8217;n\u0131n t\u00fcm bu geli\u015fmeleri ve tehlikeyi do\u011fru bir \u015fekilde idrak etti\u011fini s\u00f6yledi. El Esad Rusya&#8217;n\u0131n Suriye&#8217;yi ve Irak\u2019\u0131 ter\u00f6rden korumakla kendisini ve hatta Avrupa&#8217;y\u0131 bu ter\u00f6r\u00fcn tehlikesinden korudu\u011funun abart\u0131s\u0131z bir ger\u00e7ek oldu\u011funu s\u00f6yledi.<\/p>\n<p>Rusya&#8217;n\u0131n Suriye&#8217;de ter\u00f6re kar\u015f\u0131 m\u00fcdahale karar\u0131n\u0131n Rusya&#8217;n\u0131n m\u0131 yoksa Suriye&#8217;nin giri\u015fimi \u00fczerine geldi\u011fine ili\u015fkin soruya cevab\u0131nda el Esad; bunun birikim sonucunda geldi\u011fini ifade etti. El Esad Suriye ve Rusya aras\u0131nda tarihi derin sa\u011flam ili\u015fkilere i\u015faret ederek, Rusya&#8217;n\u0131n temelde mevcut askeri uzmanlar\u0131 bulundu\u011funu belirtti. \u0130ki taraf aras\u0131nda her daim bir i\u015fbirli\u011fi ve koordinasyonun mevcut oldu\u011funu s\u00f6yleyen el Esad; bu i\u015fbirli\u011finin zamanla geli\u015fip b\u00fcy\u00fcd\u00fc\u011f\u00fcn\u00fc, g\u00fcn\u00fcbirlik koordinasyonun da mevcut i\u015fbirli\u011fini do\u011furdu\u011funu belirtti.<\/p>\n<p>O s\u00fcre\u00e7 i\u00e7inde Rusya Ba\u015fkan\u0131 Vladimir Putin\u2019in de ter\u00f6re kar\u015f\u0131 uluslar aras\u0131 bir ittifak\u0131n te\u015fkil edilmesi \u00e7a\u011fr\u0131s\u0131nda bulundu\u011funa dikkat \u00e7eken El Esad; iki \u00fclke yetkilileri aras\u0131nda mevcut daimi i\u015fbirli\u011fi ve koordinasyonun birikimiyle Suriye&#8217;nin de resmi bir taleple Rusya&#8217;dan ter\u00f6re kar\u015f\u0131 \u00e7abalar\u0131na katk\u0131da bulunmas\u0131n\u0131 talep etti\u011fini belirtti.<\/p>\n<p><span style=\"color: #0000ff\">Mevcut S\u00fcre\u00e7 \u0130\u00e7inde Bu S\u00f6z Konusu De\u011fildir<\/span><\/p>\n<p><a href=\"http:\/\/www.sana.sy\/tr\/wp-content\/uploads\/2015\/12\/46.jpg\" rel=\"attachment wp-att-54448\"><img loading=\"lazy\" decoding=\"async\" class=\"alignright wp-image-54448 size-medium\" src=\"http:\/\/www.sana.sy\/tr\/wp-content\/uploads\/2015\/12\/46-300x154.jpg\" alt=\"4\" width=\"300\" height=\"154\" srcset=\"https:\/\/archive.sana.sy\/tr\/wp-content\/uploads\/2015\/12\/46-300x154.jpg 300w, https:\/\/archive.sana.sy\/tr\/wp-content\/uploads\/2015\/12\/46-150x77.jpg 150w, https:\/\/archive.sana.sy\/tr\/wp-content\/uploads\/2015\/12\/46.jpg 660w\" sizes=\"auto, (max-width: 300px) 100vw, 300px\" \/><\/a>Rusya&#8217;n\u0131n Suriye&#8217;deki g\u00fc\u00e7lerinin yap\u0131s\u0131 ve kara g\u00fc\u00e7leriyle kat\u0131lma olas\u0131l\u0131\u011f\u0131na ili\u015fkin soruya cevab\u0131nda el Esad; Rusya&#8217;n\u0131n hava g\u00fc\u00e7lerini koruma ama\u00e7l\u0131 olarak g\u00f6nderdi\u011fi askerler haricinde operasyonlara kat\u0131lan kara g\u00fc\u00e7leri olmad\u0131\u011f\u0131n\u0131 belirtti.<\/p>\n<p>S\u00f6zlerine devam eden el Esad; Rusya&#8217;n\u0131n bu s\u00fcre\u00e7 i\u00e7inde kara operasyonlar\u0131na kat\u0131lacak asker g\u00f6ndermesinin s\u00f6z konusu olmad\u0131\u011f\u0131n\u0131 belirtti. El Esad bu s\u00fcre\u00e7 i\u00e7inde durumlar\u0131n do\u011fru y\u00f6nde ilerledi\u011fini, Rus kara g\u00fc\u00e7lerine ihtiya\u00e7 olmad\u0131\u011f\u0131n\u0131 ifade ederken, ilerde durumlar\u0131n de\u011fi\u015fmesi ve gerekmesi halinde b\u00f6yle bir meselenin tart\u0131\u015f\u0131labilece\u011fini s\u00f6yledi.<\/p>\n<p><span style=\"color: #0000ff\">Hava Saham\u0131z\u0131 Savunmak Yasal Hakk\u0131m\u0131zd\u0131r <\/span><\/p>\n<p>Cumhurba\u015fkan\u0131 el Esad, Rusya\u2019n\u0131n Suriye\u2019deki askeri operasyonlara kat\u0131l\u0131m\u0131n\u0131n iki \u00fclke yetkililerinin kat\u0131l\u0131m\u0131n zorunlu oldu\u011funa karar vermesi ard\u0131ndan geldi\u011fine dikkat \u00e7ekerek her iki taraf\u0131n konuyu kendi komutanlar\u0131yla g\u00f6r\u00fc\u015ft\u00fc\u011f\u00fcn\u00fc, kendisinin ise Ba\u015fkan Putin\u2019le bunun nas\u0131l yap\u0131laca\u011f\u0131n\u0131 tart\u0131\u015ft\u0131\u011f\u0131na de\u011findi.<\/p>\n<p>Ba\u015fkan Putin\u2019e Rus askeri g\u00fc\u00e7lerinin ter\u00f6rle m\u00fccadele operasyonlar\u0131na kat\u0131lmas\u0131n\u0131 talep eden resmi bir mektup g\u00f6nderdi\u011fini belirten el Esad, ard\u0131ndan yay\u0131nlanan bir bildiriyle Rus askeri g\u00fc\u00e7lerine ter\u00f6rle m\u00fccadele \u00e7abalar\u0131na katk\u0131da bulunma \u00e7a\u011fr\u0131s\u0131 yapt\u0131klar\u0131n\u0131 ilan ettiklerini s\u00f6yledi.<\/p>\n<p>Cumhurba\u015fkan\u0131, ayn\u0131 zamanda Ba\u015fkan Putin\u2019in koalisyon olu\u015fturmaya haz\u0131r olduklar\u0131n\u0131 s\u00f6yledi\u011fi zaman bu y\u00f6nde bir ad\u0131m att\u0131\u011f\u0131na i\u015faret ederek buna olumlu yan\u0131t verdiklerinin alt\u0131n\u0131 \u00e7izdi.<\/p>\n<p>Suriye\u2019nin Rusya\u2019dan S- 300 f\u00fcze savunma sistemleri alaca\u011f\u0131na ili\u015fkin haberler ve bu f\u00fczeleri hava sahas\u0131n\u0131 izinsiz kullanan uluslararas\u0131 koalisyon g\u00fc\u00e7lerine kar\u015f\u0131 kullan\u0131p kullanmayaca\u011f\u0131 konusunda ise el Esad, hava sahas\u0131n\u0131 ihlal eden u\u00e7aklara kar\u015f\u0131 koruma ve bu u\u00e7aklar\u0131 engellemenin Suriye\u2019nin yasal hakk\u0131 oldu\u011funu vurgulayarak Suriye\u2019nin hava sahas\u0131n\u0131 korumak amac\u0131yla her t\u00fcrl\u00fc y\u00f6ntemi kullanacaklar\u0131n\u0131 ve bunun S- 300 f\u00fczeleriyle s\u0131n\u0131rl\u0131 olmad\u0131\u011f\u0131n\u0131 ifade etti.<\/p>\n<p>El Esad, Rusya\u2019dan S &#8211; 300 f\u00fcze savunma sistemleri almad\u0131klar\u0131n\u0131 belirterek \u201calaca\u011f\u0131m\u0131z her t\u00fcrl\u00fc savunma sistemlerini kullanaca\u011f\u0131z. Bu silahlar\u0131 kullanmayacaksak neden sat\u0131n alal\u0131m ki\u201d diye ekledi.<\/p>\n<p><span style=\"color: #0000ff\">\u00d6nceli\u011fimiz Ter\u00f6ristleri Hezimete U\u011fratmakt\u0131r <\/span><\/p>\n<p>\u015eu an \u00f6nceliklerinin bu konu de\u011fil daha b\u00fcy\u00fck tehlike olu\u015fturan ter\u00f6ristlerle m\u00fccadele etmek oldu\u011funa dikkat \u00e7eken el Esad, ayn\u0131 zamanda hava sahalar\u0131n\u0131 korumaya, askeri yada siyasi y\u00f6nden i\u00e7 i\u015flerine y\u00f6nelik d\u0131\u015f m\u00fcdahaleyi engellemeye de \u00f6zen g\u00f6sterdiklerinin alt\u0131n\u0131 \u00e7izdi.<br \/>\n\u201c\u00d6nceli\u011fimiz ter\u00f6ristleri hezimete u\u011fratmakt\u0131r\u201d diyen el Esad, bir k\u0131sm\u0131 Suriyeli olan ter\u00f6ristleri yenilgiye u\u011fratt\u0131ktan sonra ileriye d\u00f6n\u00fck ad\u0131mlar atabileceklerini ve t\u00fcm \u00fclkeyi yabanc\u0131lardan koruyabileceklerini s\u00f6zlerine ekledi.<\/p>\n<p>Suudi Arabistan\u2019\u0131n Suriye\u2019nin gelece\u011fi konusunda ciddi g\u00f6r\u00fc\u015fmeler yapma \u00e7a\u011fr\u0131s\u0131na olumlu yan\u0131t verip vermeyecekleri konusunda ise el Esad, siyasette imkans\u0131z diye bir \u015fey olmad\u0131\u011f\u0131n\u0131 s\u00f6yleyerek \u201cmesele kabul etmem yada etmememle alakal\u0131 de\u011fil. Bu, h\u00fck\u00fcmetlerin izledi\u011fi politikalarla alakal\u0131d\u0131r. Onlar\u0131n Suriye\u2019ye y\u00f6nelik siyasetleri nedir? Ter\u00f6ristlere desteklerini s\u00fcrd\u00fcrecekler mi? Suriye, Yemen ve di\u011fer \u00fclkelerdeki tehlikeli oyunlar\u0131na devam edecekler mi? Politikalar\u0131n\u0131 ve \u00f6zellikle Suriye\u2019ye y\u00f6nelik politikalar\u0131n\u0131 de\u011fi\u015ftirmeye haz\u0131rlarsa onlarla g\u00f6r\u00fc\u015fme konusunda sorunumuz yok\u201d dedi.<\/p>\n<p>Cumhurba\u015fkan\u0131 el Esad, Viyana deklarasyonundaki en \u00f6nemli maddenin Suriyelilerin \u00fclkelerinin gelece\u011fini tart\u0131\u015fmak i\u00e7in bir araya gelmeleri oldu\u011funa de\u011finerek di\u011fer meseleler ikincildir dedi.<\/p>\n<p>Tek \u00e7\u00f6z\u00fcm\u00fcn Suriyelilerin bir araya gelmesi oldu\u011funu ifade eden el Esad, Viyana g\u00f6r\u00fc\u015fmelerinin tek ba\u015f\u0131na niyet beyan toplant\u0131s\u0131 yada masaya oturup gelece\u011fin tart\u0131\u015f\u0131ld\u0131\u011f\u0131 ger\u00e7ek bir s\u00fcre\u00e7 olmad\u0131\u011f\u0131n\u0131, meselenin Viyana g\u00f6r\u00fc\u015fmelerinden \u00e7\u0131kan sonu\u00e7larla de\u011fil Suriyeliler olarak topland\u0131klar\u0131 zaman bunlar\u0131 hayata ge\u00e7irip ge\u00e7irmeyecekleriyle alakal\u0131 oldu\u011funu belirtti.<\/p>\n<p>Yurtd\u0131\u015f\u0131nda ya\u015fayan ve silah ta\u015f\u0131nmas\u0131na kar\u015f\u0131 olan baz\u0131 muhalefet liderlerinin Suriye\u2019ye geldikleri zaman tutukland\u0131klar\u0131na ili\u015fkin iddialar\u0131n ger\u00e7ek olmad\u0131\u011f\u0131na i\u015faret eden el Esad, Suriye\u2019de muhalefet bulundu\u011funu ve istediklerini yapmakta \u00f6zg\u00fcr olduklar\u0131n\u0131 bildirdi.<\/p>\n<p>HeysemMenna\u2019n\u0131n Suriye\u2019ye d\u00f6nemedi\u011fine ili\u015fkin soruya yan\u0131t\u0131nda el Esad \u201cSuriye\u2019de d\u00fczenlenecek bir toplant\u0131ya kat\u0131lmak istedikleri zaman onlara g\u00f6z alt\u0131na al\u0131nmama yada tutuklanmama g\u00fcvencesi verdi\u011fimizi defalarca ve a\u00e7\u0131k\u00e7a beyan ettik\u201d diye konu\u015ftu.<\/p>\n<p><span style=\"color: #0000ff\">Suudi Arabistan\u2019da D\u00fczenlenen Toplant\u0131 Somut Olarak Hi\u00e7bir \u015eeyi De\u011fi\u015ftirmez <\/span><\/p>\n<p>Baz\u0131 muhalif gruplarla do\u011frudan diyalog kanallar\u0131 bulundu\u011funu s\u00f6yleyen el Esad, di\u011fer gruplar\u0131n kendileriyle ileti\u015fim kuramad\u0131\u011f\u0131na, kontrol\u00fc alt\u0131nda olduklar\u0131 h\u00fck\u00fcmetlerin buna izin vermedi\u011fine dikkat \u00e7ekti.<\/p>\n<p>Bar\u0131\u015f\u00e7\u0131l t\u00fcm taraflara a\u00e7\u0131k olduklar\u0131n\u0131 bildiren el Esad, Suudi Arabistan\u2019da d\u00fczenlenmesi beklenen toplant\u0131 konusunda ise, Suudilerin ter\u00f6re do\u011frudan, a\u00e7\u0131k\u00e7a ve alenen destek verdiklerini, dolay\u0131s\u0131yla d\u00fczenlenecek toplant\u0131n\u0131n somut anlamda hi\u00e7bir \u015feyi de\u011fi\u015ftirmeyece\u011fini ifade etti.<\/p>\n<p>Suriye\u2019nin gelece\u011fi i\u00e7in ter\u00f6rist olarak kabul ettikleri gruplarla gelecekte masaya oturup oturmayacaklar\u0131na ili\u015fkin soruya yan\u0131t veren el Esad, ba\u015f\u0131ndan Suriye i\u00e7inde ya da d\u0131\u015f\u0131nda \u00e7at\u0131\u015fmaya taraf olan t\u00fcm gruplarla diyalog kurmaya \u00e7al\u0131\u015ft\u0131klar\u0131n\u0131 ve silah\u0131n\u0131 b\u0131rakmak isteyen baz\u0131 ter\u00f6r \u00f6rg\u00fctleri de\u011fil de gruplar\u0131yla g\u00f6r\u00fc\u015ft\u00fcklerini s\u00f6yledi.<\/p>\n<p>El Esad, bu g\u00f6r\u00fc\u015fmelerin b\u00fcy\u00fck \u00e7o\u011funlu\u011funun ba\u015far\u0131ya ula\u015ft\u0131\u011f\u0131n\u0131 ve bir k\u0131s\u0131m silahl\u0131n\u0131n ordu saflar\u0131na kat\u0131ld\u0131\u011f\u0131n\u0131 belirterek\u015fu an ordu g\u00fc\u00e7leriyle yan yana sava\u015ft\u0131klar\u0131n\u0131 ekledi.<\/p>\n<p>Cumhurba\u015fkan\u0131, \u0130\u015e\u0130D yada Nusra Cephesi gibi ter\u00f6r \u00f6rg\u00fctleriyle g\u00f6r\u00fc\u015femeyeceklerini vurgulayarak sadece \u00e7at\u0131\u015fmalara kat\u0131lan, pi\u015fman olup silah\u0131n\u0131 b\u0131rakmak ve normal hayata d\u00f6nmek isteyen gruplarla g\u00f6r\u00fc\u015ft\u00fcklerinin alt\u0131n\u0131 \u00e7izdi.<\/p>\n<p>Suriye\u2019nin baz\u0131 b\u00f6lgelerde varil bombas\u0131 t\u00fcr\u00fcnde sivillerle silahl\u0131lar\u0131 ay\u0131rt etmeyen bombalar kullan\u0131p kullanmad\u0131\u011f\u0131 konusunda ise bu iddialar\u0131n do\u011frulu\u011fu bir yana ki do\u011fru de\u011fil ABD ve \u0130ngilizlerin Afganistan ve Irak\u2019taki hava ve f\u00fcze sald\u0131r\u0131lar\u0131nda ka\u00e7 sivili \u00f6ld\u00fcrd\u00fcklerini sorgulayan el Esad, bu f\u00fczelerin ter\u00f6ristten \u00e7ok sivilleri katletti\u011fine dikkat \u00e7ekti.<\/p>\n<p>Sorunun varil bombalar\u0131 yada f\u00fczelerin kullan\u0131lmas\u0131yla de\u011fil bu silahlar\u0131n nas\u0131l kullan\u0131ld\u0131\u011f\u0131, buna ili\u015fkin bilgiler ve niyetlerle alakal\u0131 oldu\u011funu belirterek savunmak i\u00e7in \u00e7abalad\u0131klar\u0131 masum insanlar\u0131 \u00f6ld\u00fcrmek gibi bir irade i\u00e7inde olamayacaklar\u0131n\u0131, bunu yapmalar\u0131 halinde onlar\u0131 ter\u00f6ristlerin kuca\u011f\u0131na itmi\u015f olacaklar\u0131n\u0131 kaydetti.<\/p>\n<p>El Esad, masum sivilleri \u00f6ld\u00fcrmenin devlete de\u011fil ter\u00f6ristlere hizmet edece\u011fi vurgusunu yaparak inand\u0131r\u0131c\u0131l\u0131\u011f\u0131n\u0131 yitiren bu propaganday\u0131 y\u00fcr\u00fctmenin art\u0131k anlams\u0131z ve yarars\u0131z oldu\u011funu s\u00f6yledi.<\/p>\n<p>\u00dclkede ya\u015fanan baz\u0131 olaylardan sorumlu olup olmad\u0131\u011f\u0131na ili\u015fkin sorunun kendisine s\u00fcrekli y\u00f6neltildi\u011fine dikkat \u00e7eken el Esad, bu sorunun cumhurba\u015fkan\u0131n\u0131 zor durumda b\u0131rakma ve iki olas\u0131 soruyla kar\u015f\u0131 kar\u015f\u0131ya b\u0131rakmay\u0131 hedefledi\u011fini s\u00f6yleyerek \u201c\u00fclkenin cumhurba\u015fkan\u0131 olarak olaylardan sorumlu olmaman m\u00fcmk\u00fcn m\u00fc\u201d diye konu\u015ftu.<\/p>\n<p>Cumhurba\u015fkan\u0131 el Esad, \u201c\u00fclkede ya\u015fananlar\u0131n sorumlulu\u011funu y\u00fckleneceksem e\u011fer, Katar\u2019dan ter\u00f6ristlere para vermesini yada Suudi Arabistan\u2019dan ter\u00f6r eylemlerini finanse etmesini talep etme yada bat\u0131l\u0131 h\u00fck\u00fcmetlerden ter\u00f6ristlerin Suriye\u2019ye geli\u015fine izin vermesini ve siyasi \u015femsiye olu\u015fturup \u0131l\u0131ml\u0131 muhalif olarak adland\u0131r\u0131lmas\u0131n\u0131 istemenin sorumlulu\u011funda m\u0131 y\u00fcklenece\u011fim?\u201d diye sordu.<\/p>\n<p>https:\/\/www.youtube.com\/watch?v=Wb7Kmoe4MUg<\/p>\n<p>S.K. &#8211; R.H.<\/p>\n","protected":false},"excerpt":{"rendered":"<p>\u015eAM \u2013 Cumhurba\u015fkan\u0131 Be\u015f\u015far el Esad \u0130ngiltere ve Fransa\u2019n\u0131n ter\u00f6re kar\u015f\u0131 sava\u015f iradesine sahip olmad\u0131klar\u0131n\u0131, ter\u00f6r\u00fc hezimete u\u011fratma vizyonuna da sahip olmad\u0131klar\u0131n\u0131 belirtti. Ter\u00f6r Kanser Gibidir El Esad \u0130ngiliz Sunday Times Gazetesine verdi\u011fi r\u00f6portajda; \u0130ngiltere ve Fransa\u2019n\u0131n I\u015e\u0130D\u2019e y\u00f6nelik bulunduklar\u0131 kanunsuz operasyonlar\u0131n faydas\u0131 olmayaca\u011f\u0131 gibi aksine ona destek olaca\u011f\u0131n\u0131 ifade etti. Ter\u00f6r\u00fc kansere benzeten el &hellip;<\/p>\n","protected":false},"author":1,"featured_media":54443,"comment_status":"closed","ping_status":"closed","sticky":false,"template":"","format":"standard","meta":{"footnotes":""},"categories":[556,559,479,611,605,478],"tags":[17990],"class_list":["post-54442","post","type-post","status-publish","format-standard","has-post-thumbnail","","category-basin","category-dunya-basini","category-haberler-yerel","category-roportaj","category-sayin-cumhurbaskani","category-yerel","tag-cumhurbaskani-el-esad-ingiltere-ve-fransa-terorle-mucadele-iradesine-sahip-degil"],"_links":{"self":[{"href":"https:\/\/archive.sana.sy\/tr\/index.php?rest_route=\/wp\/v2\/posts\/54442","targetHints":{"allow":["GET"]}}],"collection":[{"href":"https:\/\/archive.sana.sy\/tr\/index.php?rest_route=\/wp\/v2\/posts"}],"about":[{"href":"https:\/\/archive.sana.sy\/tr\/index.php?rest_route=\/wp\/v2\/types\/post"}],"author":[{"embeddable":true,"href":"https:\/\/archive.sana.sy\/tr\/index.php?rest_route=\/wp\/v2\/users\/1"}],"replies":[{"embeddable":true,"href":"https:\/\/archive.sana.sy\/tr\/index.php?rest_route=%2Fwp%2Fv2%2Fcomments&post=54442"}],"version-history":[{"count":0,"href":"https:\/\/archive.sana.sy\/tr\/index.php?rest_route=\/wp\/v2\/posts\/54442\/revisions"}],"wp:featuredmedia":[{"embeddable":true,"href":"https:\/\/archive.sana.sy\/tr\/index.php?rest_route=\/wp\/v2\/media\/54443"}],"wp:attachment":[{"href":"https:\/\/archive.sana.sy\/tr\/index.php?rest_route=%2Fwp%2Fv2%2Fmedia&parent=54442"}],"wp:term":[{"taxonomy":"category","embeddable":true,"href":"https:\/\/archive.sana.sy\/tr\/index.php?rest_route=%2Fwp%2Fv2%2Fcategories&post=54442"},{"taxonomy":"post_tag","embeddable":true,"href":"https:\/\/archive.sana.sy\/tr\/index.php?rest_route=%2Fwp%2Fv2%2Ftags&post=54442"}],"curies":[{"name":"wp","href":"https:\/\/api.w.org\/{rel}","templated":true}]}}