{"id":54458,"date":"2015-12-06T13:56:47","date_gmt":"2015-12-06T11:56:47","guid":{"rendered":"http:\/\/www.sana.sy\/tr\/?p=54458"},"modified":"2015-12-06T13:58:28","modified_gmt":"2015-12-06T11:58:28","slug":"der-spiegel-turkiye-isidi-iki-yonlu-kullaniyor","status":"publish","type":"post","link":"https:\/\/archive.sana.sy\/tr\/?p=54458","title":{"rendered":"Der Spiegel: T\u00fcrkiye I\u015e\u0130D\u2019i \u0130ki Y\u00f6nl\u00fc Kullan\u0131yor"},"content":{"rendered":"<p>BERL\u0130N \u2013 Alman Der Spiegel Gazetesi Berlin\u2019in Suriye&#8217;de I\u015e\u0130D mevkilerine ili\u015fkin bilgilerin \u00e7ok az\u0131n\u0131 Ankara ile payla\u015fma niyetinde oldu\u011funu belirtirken, bunun nedeninin de T\u00fcrkiye&#8217;deki Erdo\u011fan rejiminin I\u015e\u0130D ile \u015f\u00fcpheli ili\u015fkileri oldu\u011funu ifade etti.<\/p>\n<p>I\u015e\u0130D\u2019e kar\u015f\u0131 Bat\u0131l\u0131 koalisyonun ciddiyetsizli\u011fine ve \u00fcyeleri aras\u0131ndaki sorunlar\u0131n bir g\u00f6stergesi olarak Gazete bug\u00fcnk\u00fc say\u0131s\u0131nda yay\u0131nlad\u0131\u011f\u0131 makalede; Berlin\u2019in T\u00fcrkiye&#8217;deki rejime g\u00fcvenmedi\u011fini, Ankara\u2019n\u0131n bilgileri muhtelif ama\u00e7larda kullanmas\u0131 endi\u015fesiyle Berlin\u2019in I\u015e\u0130D\u2019e ili\u015fkin sahip oldu\u011fu t\u00fcm istihbarat bilgilerini Ankara ile payla\u015fmayaca\u011f\u0131n\u0131 kaydetti. Makalede Berlin\u2019in, Ankara\u2019n\u0131n kendisine verilen istihbarat bilgilerini I\u015e\u0130D lehine kullanma endi\u015fesinin bulundu\u011funu ifade edildi.<\/p>\n<p>T\u00fcrkiye&#8217;nin I\u015e\u0130D iki y\u00f6nl\u00fc kulland\u0131\u011f\u0131na dikkat \u00e7ekilen makalede; Erdo\u011fan rejiminin I\u015e\u0130D\u2019i K\u00fcrtlere kar\u015f\u0131 da kulland\u0131\u011f\u0131 belirtildi.<\/p>\n","protected":false},"excerpt":{"rendered":"<p>BERL\u0130N \u2013 Alman Der Spiegel Gazetesi Berlin\u2019in Suriye&#8217;de I\u015e\u0130D mevkilerine ili\u015fkin bilgilerin \u00e7ok az\u0131n\u0131 Ankara ile payla\u015fma niyetinde oldu\u011funu belirtirken, bunun nedeninin de T\u00fcrkiye&#8217;deki Erdo\u011fan rejiminin I\u015e\u0130D ile \u015f\u00fcpheli ili\u015fkileri oldu\u011funu ifade etti. I\u015e\u0130D\u2019e kar\u015f\u0131 Bat\u0131l\u0131 koalisyonun ciddiyetsizli\u011fine ve \u00fcyeleri aras\u0131ndaki sorunlar\u0131n bir g\u00f6stergesi olarak Gazete bug\u00fcnk\u00fc say\u0131s\u0131nda yay\u0131nlad\u0131\u011f\u0131 makalede; Berlin\u2019in T\u00fcrkiye&#8217;deki rejime g\u00fcvenmedi\u011fini, Ankara\u2019n\u0131n &hellip;<\/p>\n","protected":false},"author":1,"featured_media":54465,"comment_status":"closed","ping_status":"closed","sticky":false,"template":"","format":"standard","meta":{"footnotes":""},"categories":[556,559,447,17988,2554,2555],"tags":[],"class_list":["post-54458","post","type-post","status-publish","format-standard","has-post-thumbnail","","category-basin","category-dunya-basini","category-politika","category-son-haberler","category-suriye-ve-dunya","category-suriye-ve-turkiye"],"_links":{"self":[{"href":"https:\/\/archive.sana.sy\/tr\/index.php?rest_route=\/wp\/v2\/posts\/54458","targetHints":{"allow":["GET"]}}],"collection":[{"href":"https:\/\/archive.sana.sy\/tr\/index.php?rest_route=\/wp\/v2\/posts"}],"about":[{"href":"https:\/\/archive.sana.sy\/tr\/index.php?rest_route=\/wp\/v2\/types\/post"}],"author":[{"embeddable":true,"href":"https:\/\/archive.sana.sy\/tr\/index.php?rest_route=\/wp\/v2\/users\/1"}],"replies":[{"embeddable":true,"href":"https:\/\/archive.sana.sy\/tr\/index.php?rest_route=%2Fwp%2Fv2%2Fcomments&post=54458"}],"version-history":[{"count":0,"href":"https:\/\/archive.sana.sy\/tr\/index.php?rest_route=\/wp\/v2\/posts\/54458\/revisions"}],"wp:featuredmedia":[{"embeddable":true,"href":"https:\/\/archive.sana.sy\/tr\/index.php?rest_route=\/wp\/v2\/media\/54465"}],"wp:attachment":[{"href":"https:\/\/archive.sana.sy\/tr\/index.php?rest_route=%2Fwp%2Fv2%2Fmedia&parent=54458"}],"wp:term":[{"taxonomy":"category","embeddable":true,"href":"https:\/\/archive.sana.sy\/tr\/index.php?rest_route=%2Fwp%2Fv2%2Fcategories&post=54458"},{"taxonomy":"post_tag","embeddable":true,"href":"https:\/\/archive.sana.sy\/tr\/index.php?rest_route=%2Fwp%2Fv2%2Ftags&post=54458"}],"curies":[{"name":"wp","href":"https:\/\/api.w.org\/{rel}","templated":true}]}}