{"id":54467,"date":"2015-12-06T14:11:02","date_gmt":"2015-12-06T12:11:02","guid":{"rendered":"http:\/\/www.sana.sy\/tr\/?p=54467"},"modified":"2015-12-06T14:13:44","modified_gmt":"2015-12-06T12:13:44","slug":"asil-tehlike-pariste-meydana-gelen-teror-saldirilari-gibi-saldirilar-degilmis","status":"publish","type":"post","link":"https:\/\/archive.sana.sy\/tr\/?p=54467","title":{"rendered":"As\u0131l Tehlike Paris\u2019te Meydana Gelen Ter\u00f6r Sald\u0131r\u0131lar\u0131 Gibi Sald\u0131r\u0131lar De\u011filmi\u015f"},"content":{"rendered":"<p>WASH\u0130NGTON \u2013 ABD D\u0131\u015fi\u015fleri Bakan\u0131 John Kerry Suriye&#8217;deki krizin siyasi \u00e7\u00f6z\u00fcm\u00fc amac\u0131yla yap\u0131lmas\u0131 beklenen turunun bu ay\u0131n sonundan \u00f6nce New York\u2019ta yap\u0131laca\u011f\u0131n\u0131 belirtti.<\/p>\n<p>Kerry Washington Forumunda yapt\u0131\u011f\u0131 ve RT web sitesinin aktard\u0131\u011f\u0131 konu\u015fmas\u0131nda; Suriye&#8217;deki durumlar\u0131n ABD ve AB \u00fclkelerini ciddi bir \u015fekilde tehdit etmeye ba\u015flad\u0131\u011f\u0131n\u0131 \u00f6ne s\u00fcrerek \u00fclkesinin Suriye&#8217;de mevcut sava\u015f\u0131n s\u00fcrmesine art\u0131k izin vermesinin m\u00fcmk\u00fcn olmad\u0131\u011f\u0131n\u0131 iddia etti. Avrupa \u00fclkelerinde tehlikenin Paris\u2019te meydana gelen ter\u00f6r sald\u0131r\u0131lar\u0131 gibi eylemlerin olmad\u0131\u011f\u0131na dikkat \u00e7eken Kerry; as\u0131l tehlikenin Ortado\u011fu\u2019dan yap\u0131lan g\u00f6\u00e7\u00fcn Avrupa \u00fclkelerinin politikalar\u0131n\u0131 sonsuza dek de\u011fi\u015ftirebilece\u011fi tehlikesi oldu\u011funu s\u00f6yledi.<\/p>\n<p>Kerry \u2018Suriye muhalefetinin\u2019 g\u00f6r\u00fc\u015fmelerde kendisini temsil edecek heyeti belirledi\u011fini, Rusya ve \u0130ran ile diyalog masas\u0131na oturmaya haz\u0131r oldu\u011funu da iddia etti.<\/p>\n<p>ABD D\u0131\u015fi\u015fleri Bakan\u0131 Kerry konu\u015fmas\u0131nda Suriye&#8217;de ve daha ba\u015fka devletlerde ya\u015fanan g\u00f6\u00e7\u00fcn, ABD ve di\u011fer bat\u0131l\u0131 devletlerin yan\u0131 s\u0131ra b\u00f6lgesel devletlerin s\u0131n\u0131rs\u0131z olarak destekledikleri ter\u00f6r \u00f6rg\u00fctlerinin vah\u015fet dolu sald\u0131r\u0131lar\u0131 oldu\u011funu g\u00f6rmezden geldi.<\/p>\n","protected":false},"excerpt":{"rendered":"<p>WASH\u0130NGTON \u2013 ABD D\u0131\u015fi\u015fleri Bakan\u0131 John Kerry Suriye&#8217;deki krizin siyasi \u00e7\u00f6z\u00fcm\u00fc amac\u0131yla yap\u0131lmas\u0131 beklenen turunun bu ay\u0131n sonundan \u00f6nce New York\u2019ta yap\u0131laca\u011f\u0131n\u0131 belirtti. Kerry Washington Forumunda yapt\u0131\u011f\u0131 ve RT web sitesinin aktard\u0131\u011f\u0131 konu\u015fmas\u0131nda; Suriye&#8217;deki durumlar\u0131n ABD ve AB \u00fclkelerini ciddi bir \u015fekilde tehdit etmeye ba\u015flad\u0131\u011f\u0131n\u0131 \u00f6ne s\u00fcrerek \u00fclkesinin Suriye&#8217;de mevcut sava\u015f\u0131n s\u00fcrmesine art\u0131k izin vermesinin &hellip;<\/p>\n","protected":false},"author":1,"featured_media":54470,"comment_status":"closed","ping_status":"closed","sticky":false,"template":"","format":"standard","meta":{"footnotes":""},"categories":[458,459,17988],"tags":[17337],"class_list":["post-54467","post","type-post","status-publish","format-standard","has-post-thumbnail","","category-dunya1","category-haberler-arap-uluslararasi-politika","category-son-haberler","tag-abd-disisleri-bakani-john-kerry"],"_links":{"self":[{"href":"https:\/\/archive.sana.sy\/tr\/index.php?rest_route=\/wp\/v2\/posts\/54467","targetHints":{"allow":["GET"]}}],"collection":[{"href":"https:\/\/archive.sana.sy\/tr\/index.php?rest_route=\/wp\/v2\/posts"}],"about":[{"href":"https:\/\/archive.sana.sy\/tr\/index.php?rest_route=\/wp\/v2\/types\/post"}],"author":[{"embeddable":true,"href":"https:\/\/archive.sana.sy\/tr\/index.php?rest_route=\/wp\/v2\/users\/1"}],"replies":[{"embeddable":true,"href":"https:\/\/archive.sana.sy\/tr\/index.php?rest_route=%2Fwp%2Fv2%2Fcomments&post=54467"}],"version-history":[{"count":0,"href":"https:\/\/archive.sana.sy\/tr\/index.php?rest_route=\/wp\/v2\/posts\/54467\/revisions"}],"wp:featuredmedia":[{"embeddable":true,"href":"https:\/\/archive.sana.sy\/tr\/index.php?rest_route=\/wp\/v2\/media\/54470"}],"wp:attachment":[{"href":"https:\/\/archive.sana.sy\/tr\/index.php?rest_route=%2Fwp%2Fv2%2Fmedia&parent=54467"}],"wp:term":[{"taxonomy":"category","embeddable":true,"href":"https:\/\/archive.sana.sy\/tr\/index.php?rest_route=%2Fwp%2Fv2%2Fcategories&post=54467"},{"taxonomy":"post_tag","embeddable":true,"href":"https:\/\/archive.sana.sy\/tr\/index.php?rest_route=%2Fwp%2Fv2%2Ftags&post=54467"}],"curies":[{"name":"wp","href":"https:\/\/api.w.org\/{rel}","templated":true}]}}