{"id":54484,"date":"2015-12-06T15:52:55","date_gmt":"2015-12-06T13:52:55","guid":{"rendered":"http:\/\/www.sana.sy\/tr\/?p=54484"},"modified":"2015-12-07T14:33:28","modified_gmt":"2015-12-07T12:33:28","slug":"suriye-ve-iraktaki-yikici-rolun-bir-devamidir","status":"publish","type":"post","link":"https:\/\/archive.sana.sy\/tr\/?p=54484","title":{"rendered":"Suriye ve Irak\u2019taki Y\u0131k\u0131c\u0131 Rol\u00fcn Bir Devam\u0131d\u0131r"},"content":{"rendered":"<p>\u015eAM \u2013 D\u0131\u015fi\u015fleri ve Gurbet\u00e7iler Bakanl\u0131\u011f\u0131 T\u00fcrkiye rejiminin Irak egemenli\u011fi ve topraklar\u0131na bulundu\u011fu a\u00e7\u0131k ihlali k\u0131nad\u0131\u011f\u0131n\u0131 belirtirken, bu ihlalin AKP h\u00fck\u00fcmetinin Suriye ve Irak\u2019ta oynad\u0131\u011f\u0131 y\u0131k\u0131c\u0131 rol\u00fcn bir devam\u0131 oldu\u011funu vurgulad\u0131.<\/p>\n<p>Bakanl\u0131k bug\u00fcn yay\u0131nlad\u0131\u011f\u0131 ve SANA\u2019n\u0131n bir n\u00fcshas\u0131n\u0131 ald\u0131\u011f\u0131 resmi beyan\u0131nda T\u00fcrkiye&#8217;nin Irak\u2019\u0131n egemenli\u011fi ve toprak b\u00fct\u00fcnl\u00fc\u011f\u00fcne sayg\u0131 duymas\u0131n\u0131n yan\u0131 s\u0131ra g\u00fc\u00e7lerini Irak topraklar\u0131ndan derhal kay\u0131ts\u0131z \u015farts\u0131z \u00e7ekmesini talep etti.<\/p>\n<p>Beyanda T\u00fcrkiye&#8217;nin Irak h\u00fck\u00fcmetinin onay ve izni olmaks\u0131z\u0131n egemen bir devlet olan Irak topraklar\u0131na askeri g\u00fc\u00e7 sokmas\u0131n\u0131n uluslar aras\u0131 kararlar ve kanunlara ayk\u0131r\u0131 d\u00fc\u015ft\u00fc\u011f\u00fc, b\u00f6lgedeki gerginli\u011fi de daha \u00e7ok t\u0131rmand\u0131raca\u011f\u0131 vurguland\u0131. Ayn\u0131 zamanda Suriye&#8217;nin devlet ve halk olarak Irak ile dayan\u0131\u015fma i\u00e7inde oldu\u011fu ifade edildi.<\/p>\n<p>AKP h\u00fck\u00fcmetinin Suriye&#8217;de ter\u00f6r \u00f6rg\u00fctlere destek verdi\u011fini ve vermeye devam etti\u011finin ifade edildi\u011fi beyanda; bu h\u00fck\u00fcmetin Irak ve Suriye&#8217;de y\u0131k\u0131c\u0131 rol\u00fcne son vermesi gere\u011finin alt\u0131 \u00e7izildi.<\/p>\n","protected":false},"excerpt":{"rendered":"<p>\u015eAM \u2013 D\u0131\u015fi\u015fleri ve Gurbet\u00e7iler Bakanl\u0131\u011f\u0131 T\u00fcrkiye rejiminin Irak egemenli\u011fi ve topraklar\u0131na bulundu\u011fu a\u00e7\u0131k ihlali k\u0131nad\u0131\u011f\u0131n\u0131 belirtirken, bu ihlalin AKP h\u00fck\u00fcmetinin Suriye ve Irak\u2019ta oynad\u0131\u011f\u0131 y\u0131k\u0131c\u0131 rol\u00fcn bir devam\u0131 oldu\u011funu vurgulad\u0131. Bakanl\u0131k bug\u00fcn yay\u0131nlad\u0131\u011f\u0131 ve SANA\u2019n\u0131n bir n\u00fcshas\u0131n\u0131 ald\u0131\u011f\u0131 resmi beyan\u0131nda T\u00fcrkiye&#8217;nin Irak\u2019\u0131n egemenli\u011fi ve toprak b\u00fct\u00fcnl\u00fc\u011f\u00fcne sayg\u0131 duymas\u0131n\u0131n yan\u0131 s\u0131ra g\u00fc\u00e7lerini Irak topraklar\u0131ndan derhal &hellip;<\/p>\n","protected":false},"author":1,"featured_media":54487,"comment_status":"closed","ping_status":"closed","sticky":false,"template":"","format":"standard","meta":{"footnotes":""},"categories":[479,447,17988,2554,2555,478],"tags":[2621],"class_list":["post-54484","post","type-post","status-publish","format-standard","has-post-thumbnail","","category-haberler-yerel","category-politika","category-son-haberler","category-suriye-ve-dunya","category-suriye-ve-turkiye","category-yerel","tag-disisleri-ve-gurbetciler-bakanligi"],"_links":{"self":[{"href":"https:\/\/archive.sana.sy\/tr\/index.php?rest_route=\/wp\/v2\/posts\/54484","targetHints":{"allow":["GET"]}}],"collection":[{"href":"https:\/\/archive.sana.sy\/tr\/index.php?rest_route=\/wp\/v2\/posts"}],"about":[{"href":"https:\/\/archive.sana.sy\/tr\/index.php?rest_route=\/wp\/v2\/types\/post"}],"author":[{"embeddable":true,"href":"https:\/\/archive.sana.sy\/tr\/index.php?rest_route=\/wp\/v2\/users\/1"}],"replies":[{"embeddable":true,"href":"https:\/\/archive.sana.sy\/tr\/index.php?rest_route=%2Fwp%2Fv2%2Fcomments&post=54484"}],"version-history":[{"count":0,"href":"https:\/\/archive.sana.sy\/tr\/index.php?rest_route=\/wp\/v2\/posts\/54484\/revisions"}],"wp:featuredmedia":[{"embeddable":true,"href":"https:\/\/archive.sana.sy\/tr\/index.php?rest_route=\/wp\/v2\/media\/54487"}],"wp:attachment":[{"href":"https:\/\/archive.sana.sy\/tr\/index.php?rest_route=%2Fwp%2Fv2%2Fmedia&parent=54484"}],"wp:term":[{"taxonomy":"category","embeddable":true,"href":"https:\/\/archive.sana.sy\/tr\/index.php?rest_route=%2Fwp%2Fv2%2Fcategories&post=54484"},{"taxonomy":"post_tag","embeddable":true,"href":"https:\/\/archive.sana.sy\/tr\/index.php?rest_route=%2Fwp%2Fv2%2Ftags&post=54484"}],"curies":[{"name":"wp","href":"https:\/\/api.w.org\/{rel}","templated":true}]}}