{"id":54490,"date":"2015-12-06T16:14:14","date_gmt":"2015-12-06T14:14:14","guid":{"rendered":"http:\/\/www.sana.sy\/tr\/?p=54490"},"modified":"2015-12-07T14:33:19","modified_gmt":"2015-12-07T12:33:19","slug":"kanun-kacagi-270-kisi-serbest-birakildi","status":"publish","type":"post","link":"https:\/\/archive.sana.sy\/tr\/?p=54490","title":{"rendered":"Kanun Ka\u00e7a\u011f\u0131 270 Ki\u015fi Serbest B\u0131rak\u0131ld\u0131"},"content":{"rendered":"<p>\u015eAM \u2013 Devletin muhtelif \u015fekillerde oyuna getirilerek olaylara kar\u0131\u015fanlar\u0131 yeniden vatana kazand\u0131rma ve normal ya\u015famlar\u0131na d\u00f6nmelerine f\u0131rsat tan\u0131ma \u00e7abalar\u0131 kapsam\u0131nda Adalet bakanl\u0131\u011f\u0131 bug\u00fcn 270 ki\u015finin kanuni durumlar\u0131n\u0131 yeniden d\u00fczenleyerek serbest b\u0131rakt\u0131.<\/p>\n<p><a href=\"http:\/\/www.sana.sy\/tr\/wp-content\/uploads\/2015\/12\/127.jpg\"><img loading=\"lazy\" decoding=\"async\" class=\"alignright wp-image-54491 size-medium\" src=\"http:\/\/www.sana.sy\/tr\/wp-content\/uploads\/2015\/12\/127-300x195.jpg\" alt=\"1\" width=\"300\" height=\"195\" srcset=\"https:\/\/archive.sana.sy\/tr\/wp-content\/uploads\/2015\/12\/127-300x195.jpg 300w, https:\/\/archive.sana.sy\/tr\/wp-content\/uploads\/2015\/12\/127-150x98.jpg 150w, https:\/\/archive.sana.sy\/tr\/wp-content\/uploads\/2015\/12\/127-1024x666.jpg 1024w\" sizes=\"auto, (max-width: 300px) 100vw, 300px\" \/><\/a>\u00d6zellikle \u015eam ve k\u0131rsal\u0131n\u0131n yan\u0131 s\u0131ra Homs ve Hama illerinden daha \u00f6nce ulusal uzla\u015fma \u00e7abalar\u0131 neticesinde teslim olan s\u00f6z konusu ki\u015filer; normal ya\u015famlar\u0131na d\u00f6nmenin sevincini ifade etti.<\/p>\n<p>Adalet bakan\u0131 Necm Hamad el Ahmet ise gazetecilere yapt\u0131\u011f\u0131 a\u00e7\u0131klamada; kanuni durumlar\u0131n\u0131 yeniden d\u00fczenleme icraatlar\u0131n\u0131n yolunu kaybedip vatan\u0131 hedef alan planlara i\u015ftirak edenlere bir f\u0131rsat te\u015fkil etti\u011fini s\u00f6yledi. Bakan Ahmet bu icraatlar\u0131n kanlar\u0131n ak\u0131t\u0131lmas\u0131na s\u0131n\u0131r koyma, vatan evlatlar\u0131 aras\u0131nda ho\u015fg\u00f6r\u00fc ve sevgiyi peki\u015ftirme amac\u0131 ta\u015f\u0131d\u0131\u011f\u0131n\u0131 belirtti.<\/p>\n","protected":false},"excerpt":{"rendered":"<p>\u015eAM \u2013 Devletin muhtelif \u015fekillerde oyuna getirilerek olaylara kar\u0131\u015fanlar\u0131 yeniden vatana kazand\u0131rma ve normal ya\u015famlar\u0131na d\u00f6nmelerine f\u0131rsat tan\u0131ma \u00e7abalar\u0131 kapsam\u0131nda Adalet bakanl\u0131\u011f\u0131 bug\u00fcn 270 ki\u015finin kanuni durumlar\u0131n\u0131 yeniden d\u00fczenleyerek serbest b\u0131rakt\u0131. \u00d6zellikle \u015eam ve k\u0131rsal\u0131n\u0131n yan\u0131 s\u0131ra Homs ve Hama illerinden daha \u00f6nce ulusal uzla\u015fma \u00e7abalar\u0131 neticesinde teslim olan s\u00f6z konusu ki\u015filer; normal ya\u015famlar\u0131na d\u00f6nmenin &hellip;<\/p>\n","protected":false},"author":1,"featured_media":54492,"comment_status":"closed","ping_status":"closed","sticky":false,"template":"","format":"standard","meta":{"footnotes":""},"categories":[479,575,17988,478],"tags":[],"class_list":["post-54490","post","type-post","status-publish","format-standard","has-post-thumbnail","","category-haberler-yerel","category-olaylar-ve-gercekler","category-son-haberler","category-yerel"],"_links":{"self":[{"href":"https:\/\/archive.sana.sy\/tr\/index.php?rest_route=\/wp\/v2\/posts\/54490","targetHints":{"allow":["GET"]}}],"collection":[{"href":"https:\/\/archive.sana.sy\/tr\/index.php?rest_route=\/wp\/v2\/posts"}],"about":[{"href":"https:\/\/archive.sana.sy\/tr\/index.php?rest_route=\/wp\/v2\/types\/post"}],"author":[{"embeddable":true,"href":"https:\/\/archive.sana.sy\/tr\/index.php?rest_route=\/wp\/v2\/users\/1"}],"replies":[{"embeddable":true,"href":"https:\/\/archive.sana.sy\/tr\/index.php?rest_route=%2Fwp%2Fv2%2Fcomments&post=54490"}],"version-history":[{"count":0,"href":"https:\/\/archive.sana.sy\/tr\/index.php?rest_route=\/wp\/v2\/posts\/54490\/revisions"}],"wp:featuredmedia":[{"embeddable":true,"href":"https:\/\/archive.sana.sy\/tr\/index.php?rest_route=\/wp\/v2\/media\/54492"}],"wp:attachment":[{"href":"https:\/\/archive.sana.sy\/tr\/index.php?rest_route=%2Fwp%2Fv2%2Fmedia&parent=54490"}],"wp:term":[{"taxonomy":"category","embeddable":true,"href":"https:\/\/archive.sana.sy\/tr\/index.php?rest_route=%2Fwp%2Fv2%2Fcategories&post=54490"},{"taxonomy":"post_tag","embeddable":true,"href":"https:\/\/archive.sana.sy\/tr\/index.php?rest_route=%2Fwp%2Fv2%2Ftags&post=54490"}],"curies":[{"name":"wp","href":"https:\/\/api.w.org\/{rel}","templated":true}]}}