{"id":54494,"date":"2015-12-06T11:34:47","date_gmt":"2015-12-06T09:34:47","guid":{"rendered":"http:\/\/www.sana.sy\/tr\/?p=54494"},"modified":"2015-12-06T16:39:26","modified_gmt":"2015-12-06T14:39:26","slug":"suudi-rejimi-bu-destegine-son-vermelidir","status":"publish","type":"post","link":"https:\/\/archive.sana.sy\/tr\/?p=54494","title":{"rendered":"Suudi Rejimi Bu Deste\u011fine Son Vermelidir"},"content":{"rendered":"<p>BERL\u0130N \u2013 Almanya M\u00fcste\u015far\u0131n\u0131n yard\u0131mc\u0131s\u0131 ve Ekonomi Bakan\u0131 Sigmar Gabriel Suudi Arabistan rejimini tekfircilik ve ter\u00f6re destek ve finans\u0131na son vermeye \u00e7a\u011f\u0131r\u0131rken, bunun yol a\u00e7aca\u011f\u0131 tehlikeye kar\u015f\u0131 uyar\u0131da bulundu.<\/p>\n<p>Gabriel Alman Bild am Sonntag Gazetesinin bug\u00fcn yay\u0131nlad\u0131\u011f\u0131 a\u00e7\u0131klamalar\u0131nda; Almanya&#8217;da dini radikalli\u011fi finanse etme ve destekleme s\u00fcrecinin sona erdi\u011fini ifade etti. Suudi Arabistan rejiminin d\u00fcnyan\u0131n her yerinde Vahhabi camileri finanse etti\u011fine dikkat \u00e7eken Gabriel; bu camilerde tekfircilik e\u011fitimi alan radikallerin d\u00fcnyaya yay\u0131l\u0131p tehlike te\u015fkil ettiklerini belirtti.<\/p>\n<p>Ayn\u0131 zamanda Alman Sosyalist Demokratlar Partisinin de ba\u015fkan\u0131 olan Gabriel; ter\u00f6r ve tekfircili\u011fin desteklenmesine son vermenin zaman\u0131 geldi\u011fini, devletin de bu konuda \u00fcst\u00fcne d\u00fc\u015feni yapmas\u0131 gerekti\u011fine vurgu yapt\u0131.<\/p>\n","protected":false},"excerpt":{"rendered":"<p>BERL\u0130N \u2013 Almanya M\u00fcste\u015far\u0131n\u0131n yard\u0131mc\u0131s\u0131 ve Ekonomi Bakan\u0131 Sigmar Gabriel Suudi Arabistan rejimini tekfircilik ve ter\u00f6re destek ve finans\u0131na son vermeye \u00e7a\u011f\u0131r\u0131rken, bunun yol a\u00e7aca\u011f\u0131 tehlikeye kar\u015f\u0131 uyar\u0131da bulundu. Gabriel Alman Bild am Sonntag Gazetesinin bug\u00fcn yay\u0131nlad\u0131\u011f\u0131 a\u00e7\u0131klamalar\u0131nda; Almanya&#8217;da dini radikalli\u011fi finanse etme ve destekleme s\u00fcrecinin sona erdi\u011fini ifade etti. Suudi Arabistan rejiminin d\u00fcnyan\u0131n her &hellip;<\/p>\n","protected":false},"author":1,"featured_media":54495,"comment_status":"closed","ping_status":"closed","sticky":false,"template":"","format":"standard","meta":{"footnotes":""},"categories":[556,458,559,459,17988],"tags":[17993,17992],"class_list":["post-54494","post","type-post","status-publish","format-standard","has-post-thumbnail","","category-basin","category-dunya1","category-dunya-basini","category-haberler-arap-uluslararasi-politika","category-son-haberler","tag-almanya-mustesarinin-yardimcisi-ve-ekonomi-bakani-sigmar-gabriel","tag-suudi-rejimi-bu-destegine-son-vermelidir"],"_links":{"self":[{"href":"https:\/\/archive.sana.sy\/tr\/index.php?rest_route=\/wp\/v2\/posts\/54494","targetHints":{"allow":["GET"]}}],"collection":[{"href":"https:\/\/archive.sana.sy\/tr\/index.php?rest_route=\/wp\/v2\/posts"}],"about":[{"href":"https:\/\/archive.sana.sy\/tr\/index.php?rest_route=\/wp\/v2\/types\/post"}],"author":[{"embeddable":true,"href":"https:\/\/archive.sana.sy\/tr\/index.php?rest_route=\/wp\/v2\/users\/1"}],"replies":[{"embeddable":true,"href":"https:\/\/archive.sana.sy\/tr\/index.php?rest_route=%2Fwp%2Fv2%2Fcomments&post=54494"}],"version-history":[{"count":0,"href":"https:\/\/archive.sana.sy\/tr\/index.php?rest_route=\/wp\/v2\/posts\/54494\/revisions"}],"wp:featuredmedia":[{"embeddable":true,"href":"https:\/\/archive.sana.sy\/tr\/index.php?rest_route=\/wp\/v2\/media\/54495"}],"wp:attachment":[{"href":"https:\/\/archive.sana.sy\/tr\/index.php?rest_route=%2Fwp%2Fv2%2Fmedia&parent=54494"}],"wp:term":[{"taxonomy":"category","embeddable":true,"href":"https:\/\/archive.sana.sy\/tr\/index.php?rest_route=%2Fwp%2Fv2%2Fcategories&post=54494"},{"taxonomy":"post_tag","embeddable":true,"href":"https:\/\/archive.sana.sy\/tr\/index.php?rest_route=%2Fwp%2Fv2%2Ftags&post=54494"}],"curies":[{"name":"wp","href":"https:\/\/api.w.org\/{rel}","templated":true}]}}