{"id":54521,"date":"2015-12-07T10:23:32","date_gmt":"2015-12-07T08:23:32","guid":{"rendered":"http:\/\/www.sana.sy\/tr\/?p=54521"},"modified":"2015-12-07T11:19:38","modified_gmt":"2015-12-07T09:19:38","slug":"silahli-teror-gruplari-derada-yeni-bir-hezimet-yasadilar","status":"publish","type":"post","link":"https:\/\/archive.sana.sy\/tr\/?p=54521","title":{"rendered":"Silahl\u0131 Ter\u00f6r Gruplar\u0131 Dera\u2019da Yeni Bir Hezimet Ya\u015fad\u0131lar"},"content":{"rendered":"<p>DERA \u2013 Kahraman ordu birliklerimiz Dera kentinin g\u00fcneybat\u0131 y\u00f6n\u00fcnde 65 km mesafede bulunan Ceddiye beldesinde silahl\u0131 ter\u00f6r gruplar\u0131na y\u00f6nelik d\u00fczenledikleri bir operasyonda ter\u00f6rist gruplara yeni bir hezimet ya\u015fatt\u0131lar.<\/p>\n<p>\u0130srail ile direk ba\u011flant\u0131l\u0131 silahl\u0131 ter\u00f6r gruplar\u0131 d\u00fcn Dera kentine sald\u0131r\u0131 planlar\u0131n\u0131 uygulamak i\u00e7in harekete ge\u00e7tiklerinde kar\u015f\u0131lar\u0131nda kahraman ordu birliklerimizi buldular. Burada meydana gelen \u00e7at\u0131\u015fmada \u00e7ok say\u0131da ter\u00f6rist \u00f6ld\u00fcr\u00fcl\u00fcrken ter\u00f6ristlerin T\u00fcrkiye, Suudi Arabistan ve Katar\u2019daki karanl\u0131k rejimlerden ald\u0131klar\u0131 b\u00fcy\u00fck miktarda silah ve m\u00fchimmat ele ge\u00e7irildi.<\/p>\n<p>\u00c7at\u0131\u015fma b\u00f6lgesinde bulunan kahraman ordu birliklerimizin komutanlar\u0131 ile g\u00f6r\u00fc\u015fen SANA muhabiri, meydan komutanlar\u0131n\u0131n, Ceddiye beldesinin bu y\u0131l i\u00e7erisinde u\u011frad\u0131\u011f\u0131 be\u015finci ciddi sald\u0131r\u0131 oldu\u011funa i\u015faret ederek ter\u00f6ristlerin bu sald\u0131r\u0131s\u0131n\u0131n da daha \u00f6ncekiler gibi bertaraf edildi\u011fini ve \u00e7ok say\u0131da ter\u00f6ristin \u00f6l\u00fc ve yaral\u0131 olarak ele ge\u00e7irildi\u011fini ifade ettiklerini aktard\u0131.<\/p>\n<p>Ter\u00f6ristlerin Ceddiye Beldesine y\u00f6nelik sald\u0131r\u0131 giri\u015fimlerine paralel olarak beldeye yak\u0131n olan Kayta k\u00f6y\u00fcn\u00fcn de onlarca roket sald\u0131r\u0131s\u0131na maruz kald\u0131\u011f\u0131na dikkat \u00e7eken Komutanlar, roket sald\u0131r\u0131lar\u0131 sonucu k\u00f6y sakinlerinden \u015fehit d\u00fc\u015fen ve yaralanan vatanda\u015flar\u0131m\u0131z oldu\u011funu belirttiler.<\/p>\n<div id='gallery-1' class='gallery galleryid-54521 gallery-columns-2 gallery-size-medium'><figure class='gallery-item'>\n\t\t\t<div class='gallery-icon landscape'>\n\t\t\t\t<a href='https:\/\/archive.sana.sy\/tr\/wp-content\/uploads\/2015\/12\/128.jpg'><img loading=\"lazy\" decoding=\"async\" width=\"300\" height=\"168\" src=\"https:\/\/archive.sana.sy\/tr\/wp-content\/uploads\/2015\/12\/128-300x168.jpg\" class=\"attachment-medium size-medium\" alt=\"\" srcset=\"https:\/\/archive.sana.sy\/tr\/wp-content\/uploads\/2015\/12\/128-300x168.jpg 300w, https:\/\/archive.sana.sy\/tr\/wp-content\/uploads\/2015\/12\/128-150x84.jpg 150w, https:\/\/archive.sana.sy\/tr\/wp-content\/uploads\/2015\/12\/128.jpg 660w\" sizes=\"auto, (max-width: 300px) 100vw, 300px\" \/><\/a>\n\t\t\t<\/div><\/figure><figure class='gallery-item'>\n\t\t\t<div class='gallery-icon landscape'>\n\t\t\t\t<a href='https:\/\/archive.sana.sy\/tr\/wp-content\/uploads\/2015\/12\/212.jpg'><img loading=\"lazy\" decoding=\"async\" width=\"300\" height=\"168\" src=\"https:\/\/archive.sana.sy\/tr\/wp-content\/uploads\/2015\/12\/212-300x168.jpg\" class=\"attachment-medium size-medium\" alt=\"\" srcset=\"https:\/\/archive.sana.sy\/tr\/wp-content\/uploads\/2015\/12\/212-300x168.jpg 300w, https:\/\/archive.sana.sy\/tr\/wp-content\/uploads\/2015\/12\/212-150x84.jpg 150w, https:\/\/archive.sana.sy\/tr\/wp-content\/uploads\/2015\/12\/212.jpg 660w\" sizes=\"auto, (max-width: 300px) 100vw, 300px\" \/><\/a>\n\t\t\t<\/div><\/figure>\n\t\t<\/div>\n\n<p>https:\/\/www.youtube.com\/watch?v=Vcom7szE3OQ<\/p>\n<p>F.B. &#8211; R.H.<\/p>\n","protected":false},"excerpt":{"rendered":"<p>DERA \u2013 Kahraman ordu birliklerimiz Dera kentinin g\u00fcneybat\u0131 y\u00f6n\u00fcnde 65 km mesafede bulunan Ceddiye beldesinde silahl\u0131 ter\u00f6r gruplar\u0131na y\u00f6nelik d\u00fczenledikleri bir operasyonda ter\u00f6rist gruplara yeni bir hezimet ya\u015fatt\u0131lar. \u0130srail ile direk ba\u011flant\u0131l\u0131 silahl\u0131 ter\u00f6r gruplar\u0131 d\u00fcn Dera kentine sald\u0131r\u0131 planlar\u0131n\u0131 uygulamak i\u00e7in harekete ge\u00e7tiklerinde kar\u015f\u0131lar\u0131nda kahraman ordu birliklerimizi buldular. Burada meydana gelen \u00e7at\u0131\u015fmada \u00e7ok say\u0131da &hellip;<\/p>\n","protected":false},"author":1,"featured_media":54522,"comment_status":"closed","ping_status":"closed","sticky":false,"template":"","format":"standard","meta":{"footnotes":""},"categories":[479,575,17988,478],"tags":[17995],"class_list":["post-54521","post","type-post","status-publish","format-standard","has-post-thumbnail","","category-haberler-yerel","category-olaylar-ve-gercekler","category-son-haberler","category-yerel","tag-silahli-teror-gruplari-derada-yeni-bir-hezimet-yasadilar"],"_links":{"self":[{"href":"https:\/\/archive.sana.sy\/tr\/index.php?rest_route=\/wp\/v2\/posts\/54521","targetHints":{"allow":["GET"]}}],"collection":[{"href":"https:\/\/archive.sana.sy\/tr\/index.php?rest_route=\/wp\/v2\/posts"}],"about":[{"href":"https:\/\/archive.sana.sy\/tr\/index.php?rest_route=\/wp\/v2\/types\/post"}],"author":[{"embeddable":true,"href":"https:\/\/archive.sana.sy\/tr\/index.php?rest_route=\/wp\/v2\/users\/1"}],"replies":[{"embeddable":true,"href":"https:\/\/archive.sana.sy\/tr\/index.php?rest_route=%2Fwp%2Fv2%2Fcomments&post=54521"}],"version-history":[{"count":0,"href":"https:\/\/archive.sana.sy\/tr\/index.php?rest_route=\/wp\/v2\/posts\/54521\/revisions"}],"wp:featuredmedia":[{"embeddable":true,"href":"https:\/\/archive.sana.sy\/tr\/index.php?rest_route=\/wp\/v2\/media\/54522"}],"wp:attachment":[{"href":"https:\/\/archive.sana.sy\/tr\/index.php?rest_route=%2Fwp%2Fv2%2Fmedia&parent=54521"}],"wp:term":[{"taxonomy":"category","embeddable":true,"href":"https:\/\/archive.sana.sy\/tr\/index.php?rest_route=%2Fwp%2Fv2%2Fcategories&post=54521"},{"taxonomy":"post_tag","embeddable":true,"href":"https:\/\/archive.sana.sy\/tr\/index.php?rest_route=%2Fwp%2Fv2%2Ftags&post=54521"}],"curies":[{"name":"wp","href":"https:\/\/api.w.org\/{rel}","templated":true}]}}