{"id":54528,"date":"2015-12-07T11:17:26","date_gmt":"2015-12-07T09:17:26","guid":{"rendered":"http:\/\/www.sana.sy\/tr\/?p=54528"},"modified":"2015-12-07T11:54:26","modified_gmt":"2015-12-07T09:54:26","slug":"halepli-kadinlar-cagin-kadinlari-olduklarini-kanitladilar","status":"publish","type":"post","link":"https:\/\/archive.sana.sy\/tr\/?p=54528","title":{"rendered":"Halepli Kad\u0131nlar \u00c7a\u011f\u0131n Kad\u0131nlar\u0131 Olduklar\u0131n\u0131 Kan\u0131tlad\u0131lar"},"content":{"rendered":"<p>\u015eAM \u2013 Sosyalist Arap Baas Partisi Ulusal Sekreter Yard\u0131mc\u0131s\u0131 Hilal el Hilal; Halep Ticaret ve Sanayi Odalar\u0131 taraf\u0131ndan d\u00fczenlenen ve Suriyeli kad\u0131nlar\u0131n el i\u015flerinin sergilendi\u011fi \u201cHalepliyiz Devam Ediyoruz\u201d ba\u015fl\u0131kl\u0131 serginin \u00fclke genelinde yayg\u0131nla\u015ft\u0131r\u0131lmas\u0131 \u00e7a\u011fr\u0131s\u0131nda bulundu.<\/p>\n<p>D\u00fcn a\u00e7\u0131l\u0131\u015f\u0131 Halep \u015eehba Otelinde yap\u0131lan \u201cHalepli Kad\u0131nlar\u0131z Devam Ediyoruz\u201d sergisinin a\u00e7\u0131l\u0131\u015f t\u00f6renine kat\u0131lan Hilal; bu serginin Halepli kad\u0131nlardan b\u00fct\u00fcn d\u00fcnyaya verilmi\u015f bir mesaj niteli\u011finde oldu\u011funu dile getirerek Suriyeli kad\u0131nlar\u0131n ya\u015fanmakta olan kriz s\u00fcresince \u201c\u00c7a\u011f\u0131n Kad\u0131nlar\u0131\u201d olduklar\u0131n\u0131 kan\u0131tlad\u0131klar\u0131n\u0131 vurgulad\u0131.<\/p>\n<p>Halepli 80 kad\u0131n\u0131n el i\u015fi \u00fcr\u00fcnlerini kapsayan sergi Pazartesi ak\u015fam\u0131na kadar ziyaret\u00e7ilerine a\u00e7\u0131k olacak.<\/p>\n<div id='gallery-1' class='gallery galleryid-54528 gallery-columns-3 gallery-size-medium'><figure class='gallery-item'>\n\t\t\t<div class='gallery-icon landscape'>\n\t\t\t\t<a href='https:\/\/archive.sana.sy\/tr\/wp-content\/uploads\/2015\/12\/Hilal-2.jpg'><img loading=\"lazy\" decoding=\"async\" width=\"300\" height=\"199\" src=\"https:\/\/archive.sana.sy\/tr\/wp-content\/uploads\/2015\/12\/Hilal-2-300x199.jpg\" class=\"attachment-medium size-medium\" alt=\"\" aria-describedby=\"gallery-1-54532\" srcset=\"https:\/\/archive.sana.sy\/tr\/wp-content\/uploads\/2015\/12\/Hilal-2-300x199.jpg 300w, https:\/\/archive.sana.sy\/tr\/wp-content\/uploads\/2015\/12\/Hilal-2-150x99.jpg 150w, https:\/\/archive.sana.sy\/tr\/wp-content\/uploads\/2015\/12\/Hilal-2-1024x678.jpg 1024w, https:\/\/archive.sana.sy\/tr\/wp-content\/uploads\/2015\/12\/Hilal-2-310x205.jpg 310w, https:\/\/archive.sana.sy\/tr\/wp-content\/uploads\/2015\/12\/Hilal-2.jpg 1478w\" sizes=\"auto, (max-width: 300px) 100vw, 300px\" \/><\/a>\n\t\t\t<\/div>\n\t\t\t\t<figcaption class='wp-caption-text gallery-caption' id='gallery-1-54532'>\n\t\t\t\t????????????????????????????????????\n\t\t\t\t<\/figcaption><\/figure><figure class='gallery-item'>\n\t\t\t<div class='gallery-icon landscape'>\n\t\t\t\t<a href='https:\/\/archive.sana.sy\/tr\/wp-content\/uploads\/2015\/12\/Hilal-3.jpg'><img loading=\"lazy\" decoding=\"async\" width=\"300\" height=\"199\" src=\"https:\/\/archive.sana.sy\/tr\/wp-content\/uploads\/2015\/12\/Hilal-3-300x199.jpg\" class=\"attachment-medium size-medium\" alt=\"\" aria-describedby=\"gallery-1-54533\" srcset=\"https:\/\/archive.sana.sy\/tr\/wp-content\/uploads\/2015\/12\/Hilal-3-300x199.jpg 300w, https:\/\/archive.sana.sy\/tr\/wp-content\/uploads\/2015\/12\/Hilal-3-150x99.jpg 150w, https:\/\/archive.sana.sy\/tr\/wp-content\/uploads\/2015\/12\/Hilal-3-1024x678.jpg 1024w, https:\/\/archive.sana.sy\/tr\/wp-content\/uploads\/2015\/12\/Hilal-3-310x205.jpg 310w, https:\/\/archive.sana.sy\/tr\/wp-content\/uploads\/2015\/12\/Hilal-3.jpg 1478w\" sizes=\"auto, (max-width: 300px) 100vw, 300px\" \/><\/a>\n\t\t\t<\/div>\n\t\t\t\t<figcaption class='wp-caption-text gallery-caption' id='gallery-1-54533'>\n\t\t\t\t????????????????????????????????????\n\t\t\t\t<\/figcaption><\/figure><figure class='gallery-item'>\n\t\t\t<div class='gallery-icon landscape'>\n\t\t\t\t<a href='https:\/\/archive.sana.sy\/tr\/wp-content\/uploads\/2015\/12\/Hilal-4.jpg'><img loading=\"lazy\" decoding=\"async\" width=\"300\" height=\"199\" src=\"https:\/\/archive.sana.sy\/tr\/wp-content\/uploads\/2015\/12\/Hilal-4-300x199.jpg\" class=\"attachment-medium size-medium\" alt=\"\" aria-describedby=\"gallery-1-54534\" srcset=\"https:\/\/archive.sana.sy\/tr\/wp-content\/uploads\/2015\/12\/Hilal-4-300x199.jpg 300w, https:\/\/archive.sana.sy\/tr\/wp-content\/uploads\/2015\/12\/Hilal-4-150x99.jpg 150w, https:\/\/archive.sana.sy\/tr\/wp-content\/uploads\/2015\/12\/Hilal-4-1024x678.jpg 1024w, https:\/\/archive.sana.sy\/tr\/wp-content\/uploads\/2015\/12\/Hilal-4-310x205.jpg 310w, https:\/\/archive.sana.sy\/tr\/wp-content\/uploads\/2015\/12\/Hilal-4.jpg 1478w\" sizes=\"auto, (max-width: 300px) 100vw, 300px\" \/><\/a>\n\t\t\t<\/div>\n\t\t\t\t<figcaption class='wp-caption-text gallery-caption' id='gallery-1-54534'>\n\t\t\t\t????????????????????????????????????\n\t\t\t\t<\/figcaption><\/figure>\n\t\t<\/div>\n\n<p>F.B. &#8211; R.H.<\/p>\n","protected":false},"excerpt":{"rendered":"<p>\u015eAM \u2013 Sosyalist Arap Baas Partisi Ulusal Sekreter Yard\u0131mc\u0131s\u0131 Hilal el Hilal; Halep Ticaret ve Sanayi Odalar\u0131 taraf\u0131ndan d\u00fczenlenen ve Suriyeli kad\u0131nlar\u0131n el i\u015flerinin sergilendi\u011fi \u201cHalepliyiz Devam Ediyoruz\u201d ba\u015fl\u0131kl\u0131 serginin \u00fclke genelinde yayg\u0131nla\u015ft\u0131r\u0131lmas\u0131 \u00e7a\u011fr\u0131s\u0131nda bulundu. D\u00fcn a\u00e7\u0131l\u0131\u015f\u0131 Halep \u015eehba Otelinde yap\u0131lan \u201cHalepli Kad\u0131nlar\u0131z Devam Ediyoruz\u201d sergisinin a\u00e7\u0131l\u0131\u015f t\u00f6renine kat\u0131lan Hilal; bu serginin Halepli kad\u0131nlardan b\u00fct\u00fcn &hellip;<\/p>\n","protected":false},"author":1,"featured_media":54529,"comment_status":"closed","ping_status":"closed","sticky":false,"template":"","format":"standard","meta":{"footnotes":""},"categories":[479,17988,478],"tags":[17996],"class_list":["post-54528","post","type-post","status-publish","format-standard","has-post-thumbnail","","category-haberler-yerel","category-son-haberler","category-yerel","tag-halepli-kadinlar-cagin-kadinlari-olduklarini-kanitladilar"],"_links":{"self":[{"href":"https:\/\/archive.sana.sy\/tr\/index.php?rest_route=\/wp\/v2\/posts\/54528","targetHints":{"allow":["GET"]}}],"collection":[{"href":"https:\/\/archive.sana.sy\/tr\/index.php?rest_route=\/wp\/v2\/posts"}],"about":[{"href":"https:\/\/archive.sana.sy\/tr\/index.php?rest_route=\/wp\/v2\/types\/post"}],"author":[{"embeddable":true,"href":"https:\/\/archive.sana.sy\/tr\/index.php?rest_route=\/wp\/v2\/users\/1"}],"replies":[{"embeddable":true,"href":"https:\/\/archive.sana.sy\/tr\/index.php?rest_route=%2Fwp%2Fv2%2Fcomments&post=54528"}],"version-history":[{"count":0,"href":"https:\/\/archive.sana.sy\/tr\/index.php?rest_route=\/wp\/v2\/posts\/54528\/revisions"}],"wp:featuredmedia":[{"embeddable":true,"href":"https:\/\/archive.sana.sy\/tr\/index.php?rest_route=\/wp\/v2\/media\/54529"}],"wp:attachment":[{"href":"https:\/\/archive.sana.sy\/tr\/index.php?rest_route=%2Fwp%2Fv2%2Fmedia&parent=54528"}],"wp:term":[{"taxonomy":"category","embeddable":true,"href":"https:\/\/archive.sana.sy\/tr\/index.php?rest_route=%2Fwp%2Fv2%2Fcategories&post=54528"},{"taxonomy":"post_tag","embeddable":true,"href":"https:\/\/archive.sana.sy\/tr\/index.php?rest_route=%2Fwp%2Fv2%2Ftags&post=54528"}],"curies":[{"name":"wp","href":"https:\/\/api.w.org\/{rel}","templated":true}]}}