{"id":54537,"date":"2015-12-07T10:00:12","date_gmt":"2015-12-07T08:00:12","guid":{"rendered":"http:\/\/www.sana.sy\/tr\/?p=54537"},"modified":"2015-12-07T13:04:42","modified_gmt":"2015-12-07T11:04:42","slug":"sanaya-aciklama-yapan-askeri-bir-kaynak-ordu-birliklerimizin-destekci-guclerle-isbirligi-icinde-halep-kirsalinin-guneybatisinda-turkiye-rejiminin-destekledigi-teror-ceteleri-sayi-ve-cephanele","status":"publish","type":"post","link":"https:\/\/archive.sana.sy\/tr\/?p=54537","title":{"rendered":"SANA\u2019ya a\u00e7\u0131klama yapan askeri bir kaynak ordu birliklerimizin destek\u00e7i g\u00fc\u00e7lerle i\u015fbirli\u011fi i\u00e7inde Halep k\u0131rsal\u0131n\u0131n g\u00fcneybat\u0131s\u0131nda T\u00fcrkiye rejiminin destekledi\u011fi ter\u00f6r \u00e7eteleri say\u0131 ve cephaneleriyle b\u00fcy\u00fck kay\u0131plara u\u011fratmalar\u0131 ard\u0131ndan hasla, Kaleciye, Hamra ve Zeytan k\u00f6ylerini ter\u00f6rden temizleyip kontrollerine ald\u0131klar\u0131n\u0131 belirtti."},"content":{"rendered":"<p>SANA\u2019ya a\u00e7\u0131klama yapan askeri bir kaynak ordu birliklerimizin destek\u00e7i g\u00fc\u00e7lerle i\u015fbirli\u011fi i\u00e7inde Halep k\u0131rsal\u0131n\u0131n g\u00fcneybat\u0131s\u0131nda T\u00fcrkiye rejiminin destekledi\u011fi ter\u00f6r \u00e7eteleri say\u0131 ve cephaneleriyle b\u00fcy\u00fck kay\u0131plara u\u011fratmalar\u0131 ard\u0131ndan hasla, Kaleciye, Hamra ve Zeytan k\u00f6ylerini ter\u00f6rden temizleyip kontrollerine ald\u0131klar\u0131n\u0131 belirtti.<\/p>\n","protected":false},"excerpt":{"rendered":"<p>SANA\u2019ya a\u00e7\u0131klama yapan askeri bir kaynak ordu birliklerimizin destek\u00e7i g\u00fc\u00e7lerle i\u015fbirli\u011fi i\u00e7inde Halep k\u0131rsal\u0131n\u0131n g\u00fcneybat\u0131s\u0131nda T\u00fcrkiye rejiminin destekledi\u011fi ter\u00f6r \u00e7eteleri say\u0131 ve cephaneleriyle b\u00fcy\u00fck kay\u0131plara u\u011fratmalar\u0131 ard\u0131ndan hasla, Kaleciye, Hamra ve Zeytan k\u00f6ylerini ter\u00f6rden temizleyip kontrollerine ald\u0131klar\u0131n\u0131 belirtti.<\/p>\n","protected":false},"author":1,"featured_media":0,"comment_status":"closed","ping_status":"closed","sticky":false,"template":"","format":"standard","meta":{"footnotes":""},"categories":[17991],"tags":[],"class_list":["post-54537","post","type-post","status-publish","format-standard","","category-son-dakika"],"_links":{"self":[{"href":"https:\/\/archive.sana.sy\/tr\/index.php?rest_route=\/wp\/v2\/posts\/54537","targetHints":{"allow":["GET"]}}],"collection":[{"href":"https:\/\/archive.sana.sy\/tr\/index.php?rest_route=\/wp\/v2\/posts"}],"about":[{"href":"https:\/\/archive.sana.sy\/tr\/index.php?rest_route=\/wp\/v2\/types\/post"}],"author":[{"embeddable":true,"href":"https:\/\/archive.sana.sy\/tr\/index.php?rest_route=\/wp\/v2\/users\/1"}],"replies":[{"embeddable":true,"href":"https:\/\/archive.sana.sy\/tr\/index.php?rest_route=%2Fwp%2Fv2%2Fcomments&post=54537"}],"version-history":[{"count":0,"href":"https:\/\/archive.sana.sy\/tr\/index.php?rest_route=\/wp\/v2\/posts\/54537\/revisions"}],"wp:attachment":[{"href":"https:\/\/archive.sana.sy\/tr\/index.php?rest_route=%2Fwp%2Fv2%2Fmedia&parent=54537"}],"wp:term":[{"taxonomy":"category","embeddable":true,"href":"https:\/\/archive.sana.sy\/tr\/index.php?rest_route=%2Fwp%2Fv2%2Fcategories&post=54537"},{"taxonomy":"post_tag","embeddable":true,"href":"https:\/\/archive.sana.sy\/tr\/index.php?rest_route=%2Fwp%2Fv2%2Ftags&post=54537"}],"curies":[{"name":"wp","href":"https:\/\/api.w.org\/{rel}","templated":true}]}}