{"id":5455,"date":"2014-07-18T14:15:01","date_gmt":"2014-07-18T11:15:01","guid":{"rendered":"http:\/\/www.sana.sy\/tr\/?p=5455"},"modified":"2014-07-18T14:15:01","modified_gmt":"2014-07-18T11:15:01","slug":"mikdat-el-esad-surece-halkin-belirledigi-cercevede-liderlik-ediyor","status":"publish","type":"post","link":"https:\/\/archive.sana.sy\/tr\/?p=5455","title":{"rendered":"Mikdat: el Esad S\u00fcrece Halk\u0131n Belirledi\u011fi \u00c7er\u00e7evede Liderlik Ediyor"},"content":{"rendered":"<p><span>\u015eAM &#8211;<\/span> D\u0131\u015fi\u015fleri ve Gurbet\u00e7iler Bakan\u0131 Faysal el Mikdat; Cumhurba\u015fkan\u0131 Be\u015f\u015far el Esad\u2019\u0131n Anayasal yeminini okudu\u011fu 16 Temmuz 2014 g\u00fcn\u00fcn\u00fcn Suriye ve b\u00f6lge a\u00e7\u0131s\u0131ndan tarihi bir g\u00fcn olarak kay\u0131tlara ge\u00e7ti\u011fini ifade etti.<\/p>\n<p>Suriye Televizyonunda d\u00fcn ak\u015fam bir programa kat\u0131lan Mikdat; Suriyelilerin ge\u00e7ti\u011fimiz g\u00fcnlerde Cumhurba\u015fkan\u0131 el Esad\u2019a olan g\u00fcvenlerini tarihe kaydettiklerine i\u015faret ederek on y\u0131l\u0131 a\u015fk\u0131n bir s\u00fcredir g\u00fcven ve huzur ile y\u00f6netilen Suriye\u2019nin sorumluluk ve g\u00fcvenli\u011fini tekrar el Esad\u2019\u0131n ellerine emanet ettiklerini belirtti.<\/p>\n<p>Sadece Suriye tarihinin de\u011fil b\u00fct\u00fcn d\u00fcnya tarihinin yeniden yaz\u0131lmakta oldu\u011funa i\u015faret eden Mikdat; el Esad\u2019\u0131n bu s\u00fcrece Suriye halk\u0131n\u0131n belirledi\u011fi \u00e7er\u00e7evede liderlik etti\u011finin alt\u0131n\u0131 \u00e7izerek onurlu ya\u015famak, ter\u00f6re ve zulme kar\u015f\u0131 sava\u015fmak Suriye halk\u0131n\u0131n en do\u011fal haklar\u0131ndan biri oldu\u011funu vurgulad\u0131.<\/p>\n<p>Bat\u0131l\u0131 kimi devletlerin ter\u00f6rle m\u00fccadele alan\u0131nda Suriye\u2019den yard\u0131m istemesine ili\u015fkin olarak da, Suriye\u2019nin ilkesel olarak ter\u00f6rle m\u00fccadele alan\u0131nda i\u015fbirli\u011fine her zaman haz\u0131r oldu\u011funa dikkat \u00e7eken Mikdat; ancak ter\u00f6rle m\u00fccadelede Suriye\u2019den yard\u0131m isteyenlerin her \u015feyden \u00f6nce ter\u00f6rle m\u00fccadele konusunda g\u00fcven vermesi gerekti\u011fini beyan etti.<\/p>\n<p>&nbsp;<\/p>\n","protected":false},"excerpt":{"rendered":"<p>\u015eAM &#8211; D\u0131\u015fi\u015fleri ve Gurbet\u00e7iler Bakan\u0131 Faysal el Mikdat; Cumhurba\u015fkan\u0131 Be\u015f\u015far el Esad\u2019\u0131n Anayasal yeminini okudu\u011fu 16 Temmuz 2014 g\u00fcn\u00fcn\u00fcn Suriye ve b\u00f6lge a\u00e7\u0131s\u0131ndan tarihi bir g\u00fcn olarak kay\u0131tlara ge\u00e7ti\u011fini ifade etti. Suriye Televizyonunda d\u00fcn ak\u015fam bir programa kat\u0131lan Mikdat; Suriyelilerin ge\u00e7ti\u011fimiz g\u00fcnlerde Cumhurba\u015fkan\u0131 el Esad\u2019a olan g\u00fcvenlerini tarihe kaydettiklerine i\u015faret ederek on y\u0131l\u0131 a\u015fk\u0131n &hellip;<\/p>\n","protected":false},"author":1,"featured_media":5456,"comment_status":"closed","ping_status":"closed","sticky":false,"template":"","format":"standard","meta":{"footnotes":""},"categories":[447],"tags":[1186],"class_list":["post-5455","post","type-post","status-publish","format-standard","has-post-thumbnail","","category-politika","tag-mikdat-el-esad-surece-halkin-belirledigi-cercevede-liderlik-ediyor"],"_links":{"self":[{"href":"https:\/\/archive.sana.sy\/tr\/index.php?rest_route=\/wp\/v2\/posts\/5455","targetHints":{"allow":["GET"]}}],"collection":[{"href":"https:\/\/archive.sana.sy\/tr\/index.php?rest_route=\/wp\/v2\/posts"}],"about":[{"href":"https:\/\/archive.sana.sy\/tr\/index.php?rest_route=\/wp\/v2\/types\/post"}],"author":[{"embeddable":true,"href":"https:\/\/archive.sana.sy\/tr\/index.php?rest_route=\/wp\/v2\/users\/1"}],"replies":[{"embeddable":true,"href":"https:\/\/archive.sana.sy\/tr\/index.php?rest_route=%2Fwp%2Fv2%2Fcomments&post=5455"}],"version-history":[{"count":0,"href":"https:\/\/archive.sana.sy\/tr\/index.php?rest_route=\/wp\/v2\/posts\/5455\/revisions"}],"wp:featuredmedia":[{"embeddable":true,"href":"https:\/\/archive.sana.sy\/tr\/index.php?rest_route=\/wp\/v2\/media\/5456"}],"wp:attachment":[{"href":"https:\/\/archive.sana.sy\/tr\/index.php?rest_route=%2Fwp%2Fv2%2Fmedia&parent=5455"}],"wp:term":[{"taxonomy":"category","embeddable":true,"href":"https:\/\/archive.sana.sy\/tr\/index.php?rest_route=%2Fwp%2Fv2%2Fcategories&post=5455"},{"taxonomy":"post_tag","embeddable":true,"href":"https:\/\/archive.sana.sy\/tr\/index.php?rest_route=%2Fwp%2Fv2%2Ftags&post=5455"}],"curies":[{"name":"wp","href":"https:\/\/api.w.org\/{rel}","templated":true}]}}