{"id":54571,"date":"2015-12-07T14:23:09","date_gmt":"2015-12-07T12:23:09","guid":{"rendered":"http:\/\/www.sana.sy\/tr\/?p=54571"},"modified":"2015-12-07T14:23:09","modified_gmt":"2015-12-07T12:23:09","slug":"devlet-dairelerinde-acil-onarimlar-yapildi","status":"publish","type":"post","link":"https:\/\/archive.sana.sy\/tr\/?p=54571","title":{"rendered":"Devlet Dairelerinde Acil Onar\u0131mlar Yap\u0131ld\u0131"},"content":{"rendered":"<p>HASEKE \u2013 Haseke Valisi Muhammed Zeal el Ali Haseke Kentinin g\u00fcneyinde ter\u00f6ristlerin bulunduklar\u0131 s\u0131rada sabote ettikleri devlet dairelerinde acil onar\u0131mlar\u0131n tamamland\u0131\u011f\u0131n\u0131 ifade ederken, di\u011fer onar\u0131m \u00e7al\u0131\u015fmalar\u0131n\u0131n tamamlanmas\u0131 i\u00e7in ilgili hizmet kurumlar\u0131 aras\u0131nda koordinasyon ve \u00e7al\u0131\u015fmalar\u0131n h\u0131zland\u0131r\u0131lmas\u0131 talimatlar\u0131 verdi.<\/p>\n<p>Haseke Valili\u011finde hizmet daireleri m\u00fcd\u00fcrleriyle toplant\u0131 d\u00fczenleyen Vali el Ali; vatanda\u015flara verilen hizmetin kalite ve nicelik a\u00e7\u0131s\u0131ndan artt\u0131r\u0131lmas\u0131 hedefiyle onar\u0131m \u00e7al\u0131\u015fmalar\u0131n\u0131n en k\u0131sa zamanda tamamlanmas\u0131 gere\u011fini belirtti. Vali el Ali k\u0131rsalda bulunan bir k\u0131s\u0131m hizmet dairelerinin de etkinle\u015ftirilmesi talimatlar\u0131 verirken, bu dairelere gerekli memur ve ekipmanlar\u0131n derhal temin edilmesi i\u00e7in gerekli t\u00fcm icraatlar\u0131n al\u0131nmas\u0131n\u0131 talep etti.<\/p>\n<p>Okul kitaplar\u0131n\u0131n temininden sorumlu \u0130l Matbaa M\u00fcd\u00fcr\u00fc H\u0131z\u0131r el Salih \u015fu ana dek 2.5 milyona yak\u0131n okul kitab\u0131n\u0131n \u00f6\u011frencilere \u00fccretsiz olarak da\u011f\u0131t\u0131ld\u0131\u011f\u0131n\u0131 s\u00f6yledi.<\/p>\n<p>\u0130l Turizm M\u00fcd\u00fcr\u00fc Nimir \u0130brahim ise il genelinde 31 otel ve 52 restoran\u0131n hizmet verdi\u011fine dikkat \u00e7ekerken, verdikleri hizmetin periyodik \u015fekilde denetlendi\u011fini ifade etti.<\/p>\n<p>\u0130l yak\u0131t M\u00fcd\u00fcr\u00fc Halit Hantu\u015f da Haseke\u2019nin petrol \u00fcr\u00fcnleri ihtiyac\u0131n\u0131n kar\u015f\u0131lanmas\u0131 i\u00e7in yak\u0131t hatlar\u0131n\u0131 onarma \u00e7al\u0131\u015fmalar\u0131n\u0131n birinci s\u00fcrecinin tamamland\u0131\u011f\u0131n\u0131 belirtti. Hantu\u015f ter\u00f6r eylemlerinde sabote edilen yak\u0131t depolar\u0131n\u0131 onarma \u00e7al\u0131\u015fmalar\u0131n\u0131n da y\u00fcr\u00fct\u00fcld\u00fc\u011f\u00fcn\u00fc s\u00f6yledi.<\/p>\n<p>\u0130l \u00c7evre M\u00fcdr\u00fc Sami \u0130smail ise ter\u00f6ristlerin eylemleri nedeniyle meydana gelen enkazlar\u0131n kald\u0131r\u0131ld\u0131\u011f\u0131n\u0131 ve g\u00fcney semtlerinde \u00e7evre \u00e7al\u0131\u015fmalar\u0131n\u0131n devam etti\u011fini ifade etti.<\/p>\n<p>Ordu birliklerimiz destek g\u00fc\u00e7leriyle i\u015fbirli\u011fi i\u00e7inde ge\u00e7en A\u011fustos ay\u0131nda 25 Haziranda Haseke Kentinin g\u00fcneyine giren tekfirci ter\u00f6ristleri bertaraf ederek kendin tamam\u0131nda g\u00fcvenlik ve kontrol\u00fc sa\u011flam\u0131\u015flard\u0131.<\/p>\n","protected":false},"excerpt":{"rendered":"<p>HASEKE \u2013 Haseke Valisi Muhammed Zeal el Ali Haseke Kentinin g\u00fcneyinde ter\u00f6ristlerin bulunduklar\u0131 s\u0131rada sabote ettikleri devlet dairelerinde acil onar\u0131mlar\u0131n tamamland\u0131\u011f\u0131n\u0131 ifade ederken, di\u011fer onar\u0131m \u00e7al\u0131\u015fmalar\u0131n\u0131n tamamlanmas\u0131 i\u00e7in ilgili hizmet kurumlar\u0131 aras\u0131nda koordinasyon ve \u00e7al\u0131\u015fmalar\u0131n h\u0131zland\u0131r\u0131lmas\u0131 talimatlar\u0131 verdi. Haseke Valili\u011finde hizmet daireleri m\u00fcd\u00fcrleriyle toplant\u0131 d\u00fczenleyen Vali el Ali; vatanda\u015flara verilen hizmetin kalite ve nicelik a\u00e7\u0131s\u0131ndan &hellip;<\/p>\n","protected":false},"author":1,"featured_media":54603,"comment_status":"closed","ping_status":"closed","sticky":false,"template":"","format":"standard","meta":{"footnotes":""},"categories":[479,17988,478],"tags":[18006,16481],"class_list":["post-54571","post","type-post","status-publish","format-standard","has-post-thumbnail","","category-haberler-yerel","category-son-haberler","category-yerel","tag-haseke-kenti","tag-haseke-valisi-muhammed-zeal-el-ali"],"_links":{"self":[{"href":"https:\/\/archive.sana.sy\/tr\/index.php?rest_route=\/wp\/v2\/posts\/54571","targetHints":{"allow":["GET"]}}],"collection":[{"href":"https:\/\/archive.sana.sy\/tr\/index.php?rest_route=\/wp\/v2\/posts"}],"about":[{"href":"https:\/\/archive.sana.sy\/tr\/index.php?rest_route=\/wp\/v2\/types\/post"}],"author":[{"embeddable":true,"href":"https:\/\/archive.sana.sy\/tr\/index.php?rest_route=\/wp\/v2\/users\/1"}],"replies":[{"embeddable":true,"href":"https:\/\/archive.sana.sy\/tr\/index.php?rest_route=%2Fwp%2Fv2%2Fcomments&post=54571"}],"version-history":[{"count":0,"href":"https:\/\/archive.sana.sy\/tr\/index.php?rest_route=\/wp\/v2\/posts\/54571\/revisions"}],"wp:featuredmedia":[{"embeddable":true,"href":"https:\/\/archive.sana.sy\/tr\/index.php?rest_route=\/wp\/v2\/media\/54603"}],"wp:attachment":[{"href":"https:\/\/archive.sana.sy\/tr\/index.php?rest_route=%2Fwp%2Fv2%2Fmedia&parent=54571"}],"wp:term":[{"taxonomy":"category","embeddable":true,"href":"https:\/\/archive.sana.sy\/tr\/index.php?rest_route=%2Fwp%2Fv2%2Fcategories&post=54571"},{"taxonomy":"post_tag","embeddable":true,"href":"https:\/\/archive.sana.sy\/tr\/index.php?rest_route=%2Fwp%2Fv2%2Ftags&post=54571"}],"curies":[{"name":"wp","href":"https:\/\/api.w.org\/{rel}","templated":true}]}}