{"id":54602,"date":"2015-12-07T10:30:30","date_gmt":"2015-12-07T08:30:30","guid":{"rendered":"http:\/\/www.sana.sy\/tr\/?p=54602"},"modified":"2015-12-07T14:27:55","modified_gmt":"2015-12-07T12:27:55","slug":"turkiyedeki-rejimin-destekledigi-cokuluslu-tekfirci-ve-vatan-haini-teroristleri-bugun-de-agir-kayiplara-ugratan-ordu-birliklerimiz-halk-savunma-gucleriyle-isbirligi-icinde-lazkiye-kirsalinin-kuzeydo","status":"publish","type":"post","link":"https:\/\/archive.sana.sy\/tr\/?p=54602","title":{"rendered":"T\u00fcrkiye&#8217;deki rejimin destekledi\u011fi \u00e7okuluslu tekfirci ve vatan haini ter\u00f6ristleri bug\u00fcn de a\u011f\u0131r kay\u0131plara u\u011fratan ordu birliklerimiz Halk Savunma G\u00fc\u00e7leriyle i\u015fbirli\u011fi i\u00e7inde Lazkiye k\u0131rsal\u0131n\u0131n kuzeydo\u011fusu Akko ve Buz el Hurba k\u00f6ylerini ter\u00f6r \u00e7etelerinden temizleyerek g\u00fcvenlik ve kontrol\u00fc eline ge\u00e7irdi."},"content":{"rendered":"<p>T\u00fcrkiye&#8217;deki rejimin destekledi\u011fi \u00e7okuluslu tekfirci ve vatan haini ter\u00f6ristleri bug\u00fcn de a\u011f\u0131r kay\u0131plara u\u011fratan ordu birliklerimiz Halk Savunma G\u00fc\u00e7leriyle i\u015fbirli\u011fi i\u00e7inde Lazkiye k\u0131rsal\u0131n\u0131n kuzeydo\u011fusu Akko ve Buz el Hurba k\u00f6ylerini ter\u00f6r \u00e7etelerinden temizleyerek g\u00fcvenlik ve kontrol\u00fc eline ge\u00e7irdi.<\/p>\n","protected":false},"excerpt":{"rendered":"<p>T\u00fcrkiye&#8217;deki rejimin destekledi\u011fi \u00e7okuluslu tekfirci ve vatan haini ter\u00f6ristleri bug\u00fcn de a\u011f\u0131r kay\u0131plara u\u011fratan ordu birliklerimiz Halk Savunma G\u00fc\u00e7leriyle i\u015fbirli\u011fi i\u00e7inde Lazkiye k\u0131rsal\u0131n\u0131n kuzeydo\u011fusu Akko ve Buz el Hurba k\u00f6ylerini ter\u00f6r \u00e7etelerinden temizleyerek g\u00fcvenlik ve kontrol\u00fc eline ge\u00e7irdi.<\/p>\n","protected":false},"author":1,"featured_media":0,"comment_status":"closed","ping_status":"closed","sticky":false,"template":"","format":"standard","meta":{"footnotes":""},"categories":[17991],"tags":[],"class_list":["post-54602","post","type-post","status-publish","format-standard","","category-son-dakika"],"_links":{"self":[{"href":"https:\/\/archive.sana.sy\/tr\/index.php?rest_route=\/wp\/v2\/posts\/54602","targetHints":{"allow":["GET"]}}],"collection":[{"href":"https:\/\/archive.sana.sy\/tr\/index.php?rest_route=\/wp\/v2\/posts"}],"about":[{"href":"https:\/\/archive.sana.sy\/tr\/index.php?rest_route=\/wp\/v2\/types\/post"}],"author":[{"embeddable":true,"href":"https:\/\/archive.sana.sy\/tr\/index.php?rest_route=\/wp\/v2\/users\/1"}],"replies":[{"embeddable":true,"href":"https:\/\/archive.sana.sy\/tr\/index.php?rest_route=%2Fwp%2Fv2%2Fcomments&post=54602"}],"version-history":[{"count":0,"href":"https:\/\/archive.sana.sy\/tr\/index.php?rest_route=\/wp\/v2\/posts\/54602\/revisions"}],"wp:attachment":[{"href":"https:\/\/archive.sana.sy\/tr\/index.php?rest_route=%2Fwp%2Fv2%2Fmedia&parent=54602"}],"wp:term":[{"taxonomy":"category","embeddable":true,"href":"https:\/\/archive.sana.sy\/tr\/index.php?rest_route=%2Fwp%2Fv2%2Fcategories&post=54602"},{"taxonomy":"post_tag","embeddable":true,"href":"https:\/\/archive.sana.sy\/tr\/index.php?rest_route=%2Fwp%2Fv2%2Ftags&post=54602"}],"curies":[{"name":"wp","href":"https:\/\/api.w.org\/{rel}","templated":true}]}}