{"id":54606,"date":"2015-12-07T14:45:04","date_gmt":"2015-12-07T12:45:04","guid":{"rendered":"http:\/\/www.sana.sy\/tr\/?p=54606"},"modified":"2015-12-07T14:45:04","modified_gmt":"2015-12-07T12:45:04","slug":"kara-gucleri-gonderme-niyetimiz-yoktur","status":"publish","type":"post","link":"https:\/\/archive.sana.sy\/tr\/?p=54606","title":{"rendered":"Kara G\u00fc\u00e7leri G\u00f6nderme Niyetimiz Yoktur"},"content":{"rendered":"<p>Z\u00dcR\u0130H \u2013 Kuzey Atlantik Pakt\u0131 NATO Genel Sekreteri Jens Stoltenberg, Pakt\u0131n Suriye&#8217;de I\u015e\u0130D ile sava\u015fma amac\u0131yla kara g\u00fc\u00e7leri g\u00f6ndermeyece\u011fini belirtti.<\/p>\n<p>\u0130svi\u00e7reli Tages Anzeiger Gazetesinin Suriye&#8217;de hava operasyonlar\u0131na e\u015f zamanl\u0131 olarak NATO\u2019nun kara g\u00fc\u00e7leri yerle\u015ftirme olana\u011f\u0131na ili\u015fkin sorusuna cevab\u0131nda Stoltenberg b\u00f6yle bir \u015feyin ne uluslar aras\u0131 koalisyon ne de NATO \u00fclkelerinin ajandalar\u0131nda bulunmad\u0131\u011f\u0131n\u0131 ifade etti. Stoltenberg ne NATO \u00fclkeleri ne de uluslar aras\u0131 kaolsiyonun Suriye&#8217;ye kara g\u00fc\u00e7leri g\u00f6nderme niyetinde olmad\u0131\u011f\u0131n\u0131 s\u00f6yledi.<\/p>\n<p>Stoltenberg sava\u015f\u0131n Bat\u0131l\u0131 devletler ile \u0130slam alemi aras\u0131nda olmad\u0131\u011f\u0131n\u0131, ter\u00f6r ve radikalli\u011fe kar\u015f\u0131 sava\u015f oldu\u011funu iddia etti.<\/p>\n<p>T\u00fcrkiye rejimi g\u00fc\u00e7lerinin ge\u00e7en ay Suriye semalar\u0131nda Rus sava\u015f u\u00e7a\u011f\u0131n\u0131 d\u00fc\u015f\u00fcrmeleri konusunda ise Stoltenberg; NATO\u2019nun T\u00fcrkiye&#8217;ye hava sahas\u0131n\u0131 savunma yard\u0131mlar\u0131nda bulunaca\u011f\u0131n\u0131 s\u00f6yledi. Stoltenberg y\u0131l sonuna kadar T\u00fcrkiye lehine bir dizi icraat\u0131n al\u0131naca\u011f\u0131n\u0131 ifade ederken d\u00fc\u015fmanc\u0131 bir tutum alan ve Rus u\u00e7a\u011f\u0131 T\u00fcrkiye g\u00fc\u00e7lerinin Suriye hava sahas\u0131nda d\u00fc\u015f\u00fcrd\u00fcklerini g\u00f6rmezden geldi.<\/p>\n","protected":false},"excerpt":{"rendered":"<p>Z\u00dcR\u0130H \u2013 Kuzey Atlantik Pakt\u0131 NATO Genel Sekreteri Jens Stoltenberg, Pakt\u0131n Suriye&#8217;de I\u015e\u0130D ile sava\u015fma amac\u0131yla kara g\u00fc\u00e7leri g\u00f6ndermeyece\u011fini belirtti. \u0130svi\u00e7reli Tages Anzeiger Gazetesinin Suriye&#8217;de hava operasyonlar\u0131na e\u015f zamanl\u0131 olarak NATO\u2019nun kara g\u00fc\u00e7leri yerle\u015ftirme olana\u011f\u0131na ili\u015fkin sorusuna cevab\u0131nda Stoltenberg b\u00f6yle bir \u015feyin ne uluslar aras\u0131 koalisyon ne de NATO \u00fclkelerinin ajandalar\u0131nda bulunmad\u0131\u011f\u0131n\u0131 ifade etti. Stoltenberg &hellip;<\/p>\n","protected":false},"author":1,"featured_media":54609,"comment_status":"closed","ping_status":"closed","sticky":false,"template":"","format":"standard","meta":{"footnotes":""},"categories":[458,459,17988],"tags":[18008,18007,17877],"class_list":["post-54606","post","type-post","status-publish","format-standard","has-post-thumbnail","","category-dunya1","category-haberler-arap-uluslararasi-politika","category-son-haberler","tag-jens-stoltenberg","tag-kuzey-atlantik-pakti-nato-genel-sekreteri-jens-stoltenberg","tag-nato"],"_links":{"self":[{"href":"https:\/\/archive.sana.sy\/tr\/index.php?rest_route=\/wp\/v2\/posts\/54606","targetHints":{"allow":["GET"]}}],"collection":[{"href":"https:\/\/archive.sana.sy\/tr\/index.php?rest_route=\/wp\/v2\/posts"}],"about":[{"href":"https:\/\/archive.sana.sy\/tr\/index.php?rest_route=\/wp\/v2\/types\/post"}],"author":[{"embeddable":true,"href":"https:\/\/archive.sana.sy\/tr\/index.php?rest_route=\/wp\/v2\/users\/1"}],"replies":[{"embeddable":true,"href":"https:\/\/archive.sana.sy\/tr\/index.php?rest_route=%2Fwp%2Fv2%2Fcomments&post=54606"}],"version-history":[{"count":0,"href":"https:\/\/archive.sana.sy\/tr\/index.php?rest_route=\/wp\/v2\/posts\/54606\/revisions"}],"wp:featuredmedia":[{"embeddable":true,"href":"https:\/\/archive.sana.sy\/tr\/index.php?rest_route=\/wp\/v2\/media\/54609"}],"wp:attachment":[{"href":"https:\/\/archive.sana.sy\/tr\/index.php?rest_route=%2Fwp%2Fv2%2Fmedia&parent=54606"}],"wp:term":[{"taxonomy":"category","embeddable":true,"href":"https:\/\/archive.sana.sy\/tr\/index.php?rest_route=%2Fwp%2Fv2%2Fcategories&post=54606"},{"taxonomy":"post_tag","embeddable":true,"href":"https:\/\/archive.sana.sy\/tr\/index.php?rest_route=%2Fwp%2Fv2%2Ftags&post=54606"}],"curies":[{"name":"wp","href":"https:\/\/api.w.org\/{rel}","templated":true}]}}