{"id":54611,"date":"2015-12-07T12:00:57","date_gmt":"2015-12-07T10:00:57","guid":{"rendered":"http:\/\/www.sana.sy\/tr\/?p=54611"},"modified":"2015-12-07T15:06:34","modified_gmt":"2015-12-07T13:06:34","slug":"40-kg-esrarla-yakayi-ele-verdiler","status":"publish","type":"post","link":"https:\/\/archive.sana.sy\/tr\/?p=54611","title":{"rendered":"40 kg Esrarla Yakay\u0131 Ele Verdiler"},"content":{"rendered":"<p>\u015eAM \u2013 \u0130\u00e7i\u015fleri Bakanl\u0131\u011f\u0131nda Uyu\u015fturucdyla M\u00fccadele \u015eubesi bug\u00fcn \u015eam\u2019da uyu\u015fturucu kuryeli\u011fi yapan iki \u015fah\u0131s\u0131n havzalar\u0131nda bulunan mallarla birlikte yakaland\u0131klar\u0131n\u0131 belirtti.<\/p>\n<p>\u015eubede yetkili bir kaynak yakalanan iki \u015fah\u0131s\u0131n havzas\u0131nda 40 kg esrar\u0131n yan\u0131 s\u0131ra 8 bin adet cabtagon ele ge\u00e7irildi\u011fini s\u00f6yledi.<\/p>\n<p>T\u00fcrkiye ve Suudi rejimlerinin destekleyip finanse ettikleri tekfirci ter\u00f6ristlerin yay\u0131lmas\u0131 ard\u0131ndan bu \u00e7etelerin bulunduklar\u0131 b\u00f6lgelerde uyu\u015fturucu kullan\u0131m\u0131 yayg\u0131nla\u015ft\u0131.<\/p>\n","protected":false},"excerpt":{"rendered":"<p>\u015eAM \u2013 \u0130\u00e7i\u015fleri Bakanl\u0131\u011f\u0131nda Uyu\u015fturucdyla M\u00fccadele \u015eubesi bug\u00fcn \u015eam\u2019da uyu\u015fturucu kuryeli\u011fi yapan iki \u015fah\u0131s\u0131n havzalar\u0131nda bulunan mallarla birlikte yakaland\u0131klar\u0131n\u0131 belirtti. \u015eubede yetkili bir kaynak yakalanan iki \u015fah\u0131s\u0131n havzas\u0131nda 40 kg esrar\u0131n yan\u0131 s\u0131ra 8 bin adet cabtagon ele ge\u00e7irildi\u011fini s\u00f6yledi. T\u00fcrkiye ve Suudi rejimlerinin destekleyip finanse ettikleri tekfirci ter\u00f6ristlerin yay\u0131lmas\u0131 ard\u0131ndan bu \u00e7etelerin bulunduklar\u0131 b\u00f6lgelerde &hellip;<\/p>\n","protected":false},"author":1,"featured_media":54613,"comment_status":"closed","ping_status":"closed","sticky":false,"template":"","format":"standard","meta":{"footnotes":""},"categories":[485,486,17988],"tags":[18009,18010],"class_list":["post-54611","post","type-post","status-publish","format-standard","has-post-thumbnail","","category-is-ve-sermaye","category-haberler-is-ve-sermaye","category-son-haberler","tag-40-kg-esrarla-yakayi-ele-verdiler","tag-icisleri-bakanliginda-uyusturucdyla-mucadele-subesi"],"_links":{"self":[{"href":"https:\/\/archive.sana.sy\/tr\/index.php?rest_route=\/wp\/v2\/posts\/54611","targetHints":{"allow":["GET"]}}],"collection":[{"href":"https:\/\/archive.sana.sy\/tr\/index.php?rest_route=\/wp\/v2\/posts"}],"about":[{"href":"https:\/\/archive.sana.sy\/tr\/index.php?rest_route=\/wp\/v2\/types\/post"}],"author":[{"embeddable":true,"href":"https:\/\/archive.sana.sy\/tr\/index.php?rest_route=\/wp\/v2\/users\/1"}],"replies":[{"embeddable":true,"href":"https:\/\/archive.sana.sy\/tr\/index.php?rest_route=%2Fwp%2Fv2%2Fcomments&post=54611"}],"version-history":[{"count":0,"href":"https:\/\/archive.sana.sy\/tr\/index.php?rest_route=\/wp\/v2\/posts\/54611\/revisions"}],"wp:featuredmedia":[{"embeddable":true,"href":"https:\/\/archive.sana.sy\/tr\/index.php?rest_route=\/wp\/v2\/media\/54613"}],"wp:attachment":[{"href":"https:\/\/archive.sana.sy\/tr\/index.php?rest_route=%2Fwp%2Fv2%2Fmedia&parent=54611"}],"wp:term":[{"taxonomy":"category","embeddable":true,"href":"https:\/\/archive.sana.sy\/tr\/index.php?rest_route=%2Fwp%2Fv2%2Fcategories&post=54611"},{"taxonomy":"post_tag","embeddable":true,"href":"https:\/\/archive.sana.sy\/tr\/index.php?rest_route=%2Fwp%2Fv2%2Ftags&post=54611"}],"curies":[{"name":"wp","href":"https:\/\/api.w.org\/{rel}","templated":true}]}}