{"id":54612,"date":"2015-12-07T15:05:40","date_gmt":"2015-12-07T13:05:40","guid":{"rendered":"http:\/\/www.sana.sy\/tr\/?p=54612"},"modified":"2015-12-07T15:05:40","modified_gmt":"2015-12-07T13:05:40","slug":"izinsiz-girecek-her-guc-dusman-sayilacaktir","status":"publish","type":"post","link":"https:\/\/archive.sana.sy\/tr\/?p=54612","title":{"rendered":"\u0130zinsiz Girecek Her G\u00fc\u00e7 D\u00fc\u015fman Say\u0131lacakt\u0131r"},"content":{"rendered":"<p>BA\u011eDAT \u2013 Irak parlamentosunda G\u00fcvenlik ve Savunma Komitesi Irak h\u00fck\u00fcmetinin izin ve onay\u0131 olmadan Irak topraklar\u0131na girecek herhangi bir Arap ya da \u0130slami g\u00fcc\u00fc d\u00fc\u015fman g\u00fc\u00e7ler niteli\u011finde sayaca\u011f\u0131n\u0131 ve bu g\u00fc\u00e7lere kar\u015f\u0131 I\u015e\u0130D ter\u00f6r \u00f6rg\u00fct\u00fc gibi team\u00fcl edece\u011fini belirtti.<\/p>\n<p>Komite Ba\u015fkan\u0131 Hakim el Zamili bug\u00fcn SANA\u2019n\u0131n Ba\u011fdat muhabirine yapt\u0131\u011f\u0131 a\u00e7\u0131klamada; ABD\u2019nin Irak\u2019\u0131 par\u00e7alama planlar\u0131 \u00e7er\u00e7evesinde I\u015e\u0130D\u2019in ba\u015far\u0131s\u0131z d\u00fc\u015fmesi ard\u0131ndan \u00fclkenin kuzeyinden T\u00fcrklerin girdi\u011fi gibi bat\u0131s\u0131ndan da Arap g\u00fc\u00e7lerin girme ihtimali oldu\u011funu ifade etti.<\/p>\n<p>Zamili ABD\u2019nin Irak\u2019\u0131 par\u00e7alamak ve zenginliklerini s\u00f6m\u00fcrmek amac\u0131yla d\u00fcnya kamuoyunun tepkisini toplayan ve kontrolden \u00e7\u0131kmas\u0131yla d\u00fcnya halklar\u0131n\u0131 tehdit eden I\u015e\u0130D\u2019e alternatif arad\u0131\u011f\u0131n\u0131 belirtti. ABD\u2019nin bu alternatifi de T\u00fcrkiye rejimine tabi g\u00fc\u00e7ler ve Arap g\u00fc\u00e7leriyle telafi etmeye \u00e7al\u0131\u015ft\u0131\u011f\u0131na dikkat \u00e7eken Zamilli, fakat bir \u00f6ncekinde ba\u015far\u0131s\u0131z oldu\u011fu gibi bu defas\u0131nda da yine ba\u015far\u0131s\u0131z d\u00fc\u015fece\u011fini s\u00f6yledi.<\/p>\n<p>Erdo\u011fan rejimine tabi g\u00fc\u00e7ler bu ay\u0131n 4\u2019\u00fcnde tank ve z\u0131rhl\u0131 ara\u00e7lar\u0131yla Irak topraklar\u0131na girmi\u015f, Irak Ba\u015fbakan\u0131 Haydar Abbadi bu g\u00fc\u00e7lerin derhal \u00e7ekilmelerini talep ederek aksi halde t\u00fcm ihtimallerin a\u00e7\u0131k oldu\u011funu ifade etmi\u015fti.<\/p>\n","protected":false},"excerpt":{"rendered":"<p>BA\u011eDAT \u2013 Irak parlamentosunda G\u00fcvenlik ve Savunma Komitesi Irak h\u00fck\u00fcmetinin izin ve onay\u0131 olmadan Irak topraklar\u0131na girecek herhangi bir Arap ya da \u0130slami g\u00fcc\u00fc d\u00fc\u015fman g\u00fc\u00e7ler niteli\u011finde sayaca\u011f\u0131n\u0131 ve bu g\u00fc\u00e7lere kar\u015f\u0131 I\u015e\u0130D ter\u00f6r \u00f6rg\u00fct\u00fc gibi team\u00fcl edece\u011fini belirtti. Komite Ba\u015fkan\u0131 Hakim el Zamili bug\u00fcn SANA\u2019n\u0131n Ba\u011fdat muhabirine yapt\u0131\u011f\u0131 a\u00e7\u0131klamada; ABD\u2019nin Irak\u2019\u0131 par\u00e7alama planlar\u0131 \u00e7er\u00e7evesinde &hellip;<\/p>\n","protected":false},"author":1,"featured_media":54616,"comment_status":"closed","ping_status":"closed","sticky":false,"template":"","format":"standard","meta":{"footnotes":""},"categories":[458,459,17988],"tags":[18011],"class_list":["post-54612","post","type-post","status-publish","format-standard","has-post-thumbnail","","category-dunya1","category-haberler-arap-uluslararasi-politika","category-son-haberler","tag-irak-parlamentosunda-guvenlik-ve-savunma-komitesi"],"_links":{"self":[{"href":"https:\/\/archive.sana.sy\/tr\/index.php?rest_route=\/wp\/v2\/posts\/54612","targetHints":{"allow":["GET"]}}],"collection":[{"href":"https:\/\/archive.sana.sy\/tr\/index.php?rest_route=\/wp\/v2\/posts"}],"about":[{"href":"https:\/\/archive.sana.sy\/tr\/index.php?rest_route=\/wp\/v2\/types\/post"}],"author":[{"embeddable":true,"href":"https:\/\/archive.sana.sy\/tr\/index.php?rest_route=\/wp\/v2\/users\/1"}],"replies":[{"embeddable":true,"href":"https:\/\/archive.sana.sy\/tr\/index.php?rest_route=%2Fwp%2Fv2%2Fcomments&post=54612"}],"version-history":[{"count":0,"href":"https:\/\/archive.sana.sy\/tr\/index.php?rest_route=\/wp\/v2\/posts\/54612\/revisions"}],"wp:featuredmedia":[{"embeddable":true,"href":"https:\/\/archive.sana.sy\/tr\/index.php?rest_route=\/wp\/v2\/media\/54616"}],"wp:attachment":[{"href":"https:\/\/archive.sana.sy\/tr\/index.php?rest_route=%2Fwp%2Fv2%2Fmedia&parent=54612"}],"wp:term":[{"taxonomy":"category","embeddable":true,"href":"https:\/\/archive.sana.sy\/tr\/index.php?rest_route=%2Fwp%2Fv2%2Fcategories&post=54612"},{"taxonomy":"post_tag","embeddable":true,"href":"https:\/\/archive.sana.sy\/tr\/index.php?rest_route=%2Fwp%2Fv2%2Ftags&post=54612"}],"curies":[{"name":"wp","href":"https:\/\/api.w.org\/{rel}","templated":true}]}}