{"id":5462,"date":"2014-07-18T16:18:32","date_gmt":"2014-07-18T13:18:32","guid":{"rendered":"http:\/\/www.sana.sy\/tr\/?p=5462"},"modified":"2014-07-19T12:57:53","modified_gmt":"2014-07-19T09:57:53","slug":"yuzlerce-kisi-silahlariyla-teslim-oldu","status":"publish","type":"post","link":"https:\/\/archive.sana.sy\/tr\/?p=5462","title":{"rendered":"Y\u00fczlerce Ki\u015fi Silahlar\u0131yla Teslim Oldu"},"content":{"rendered":"<p>\u0130LLER \u2013 Yetkili bir kaynak d\u00fcn \u015eam ve k\u0131rsal\u0131n\u0131n yan\u0131 s\u0131ra Homs, Dera, Deyrezzor, \u0130dlib ve Rakka illerinin muhtelif b\u00f6lgelerinde 556 ki\u015finin silahlar\u0131yla birlikte ilgili kurumlara teslim olduklar\u0131n\u0131 a\u00e7\u0131klad\u0131.<\/p>\n<p>Kaynak teslim olanlar\u0131n eylemlere kat\u0131lmaktan pi\u015fman olduklar\u0131n\u0131 ifade etmeleri ard\u0131ndan genel af yasas\u0131ndan faydalanma ve vatan kuca\u011f\u0131na d\u00f6nme arzusunda olduklar\u0131n\u0131 belirttiklerini aktard\u0131.<\/p>\n","protected":false},"excerpt":{"rendered":"<p>\u0130LLER \u2013 Yetkili bir kaynak d\u00fcn \u015eam ve k\u0131rsal\u0131n\u0131n yan\u0131 s\u0131ra Homs, Dera, Deyrezzor, \u0130dlib ve Rakka illerinin muhtelif b\u00f6lgelerinde 556 ki\u015finin silahlar\u0131yla birlikte ilgili kurumlara teslim olduklar\u0131n\u0131 a\u00e7\u0131klad\u0131. Kaynak teslim olanlar\u0131n eylemlere kat\u0131lmaktan pi\u015fman olduklar\u0131n\u0131 ifade etmeleri ard\u0131ndan genel af yasas\u0131ndan faydalanma ve vatan kuca\u011f\u0131na d\u00f6nme arzusunda olduklar\u0131n\u0131 belirttiklerini aktard\u0131.<\/p>\n","protected":false},"author":1,"featured_media":5463,"comment_status":"closed","ping_status":"closed","sticky":false,"template":"","format":"standard","meta":{"footnotes":""},"categories":[575],"tags":[1188],"class_list":["post-5462","post","type-post","status-publish","format-standard","has-post-thumbnail","","category-olaylar-ve-gercekler","tag-yuzlerce-kisi-silahlariyla-teslim-oldu"],"_links":{"self":[{"href":"https:\/\/archive.sana.sy\/tr\/index.php?rest_route=\/wp\/v2\/posts\/5462","targetHints":{"allow":["GET"]}}],"collection":[{"href":"https:\/\/archive.sana.sy\/tr\/index.php?rest_route=\/wp\/v2\/posts"}],"about":[{"href":"https:\/\/archive.sana.sy\/tr\/index.php?rest_route=\/wp\/v2\/types\/post"}],"author":[{"embeddable":true,"href":"https:\/\/archive.sana.sy\/tr\/index.php?rest_route=\/wp\/v2\/users\/1"}],"replies":[{"embeddable":true,"href":"https:\/\/archive.sana.sy\/tr\/index.php?rest_route=%2Fwp%2Fv2%2Fcomments&post=5462"}],"version-history":[{"count":0,"href":"https:\/\/archive.sana.sy\/tr\/index.php?rest_route=\/wp\/v2\/posts\/5462\/revisions"}],"wp:featuredmedia":[{"embeddable":true,"href":"https:\/\/archive.sana.sy\/tr\/index.php?rest_route=\/wp\/v2\/media\/5463"}],"wp:attachment":[{"href":"https:\/\/archive.sana.sy\/tr\/index.php?rest_route=%2Fwp%2Fv2%2Fmedia&parent=5462"}],"wp:term":[{"taxonomy":"category","embeddable":true,"href":"https:\/\/archive.sana.sy\/tr\/index.php?rest_route=%2Fwp%2Fv2%2Fcategories&post=5462"},{"taxonomy":"post_tag","embeddable":true,"href":"https:\/\/archive.sana.sy\/tr\/index.php?rest_route=%2Fwp%2Fv2%2Ftags&post=5462"}],"curies":[{"name":"wp","href":"https:\/\/api.w.org\/{rel}","templated":true}]}}