{"id":54621,"date":"2015-12-07T15:56:38","date_gmt":"2015-12-07T13:56:38","guid":{"rendered":"http:\/\/www.sana.sy\/tr\/?p=54621"},"modified":"2015-12-07T15:56:38","modified_gmt":"2015-12-07T13:56:38","slug":"erdogan-guclerine-karsi-koymakla-tehdit-ettiler","status":"publish","type":"post","link":"https:\/\/archive.sana.sy\/tr\/?p=54621","title":{"rendered":"Erdo\u011fan G\u00fc\u00e7lerine Kar\u015f\u0131 Koymakla Tehdit Ettiler"},"content":{"rendered":"<p>BA\u011eDAT \u2013 Irak\u2019ta \u0130slami direni\u015f gruplar\u0131 T\u00fcrkiye&#8217;deki rejim g\u00fc\u00e7lerinin Irak\u2019\u0131n kuzeyine girmelerini \u015fiddetle k\u0131nad\u0131\u011f\u0131n\u0131 ifade ederek, bu g\u00fc\u00e7lere kar\u015f\u0131 kararl\u0131l\u0131kla kar\u015f\u0131 koyma vaatlerinde bulundular.<\/p>\n<p>\u0130slami direni\u015f gruplar\u0131 bug\u00fcn yay\u0131nlad\u0131klar\u0131 ve SANA\u2019n\u0131n bir n\u00fcshas\u0131n\u0131 teslim ald\u0131\u011f\u0131 resmi beyanda; T\u00fcrkiye rejimi g\u00fc\u00e7lerinin Irak\u2019\u0131 par\u00e7alamay\u0131 hedefleyen ABD \u2013 T\u00fcrkiye \u2013 K\u00f6rfez plan\u0131 kapsam\u0131nda Irak\u2019a girdiklerine dikkat \u00e7ekti. T\u00fcrkiye rejiminin g\u00fcn\u00fc birlik olarak Irak ve halk\u0131n\u0131n onurlar\u0131n\u0131, egemenliklerini ve haklar\u0131n\u0131 d\u00fc\u015fmanc\u0131 bir tutumla ihlal etti\u011fine dikkat \u00e7ekilen beyanda; Irak h\u00fck\u00fcmetinin, uluslar aras\u0131 ter\u00f6r\u00fcn ba\u015f hamisi ABD ve d\u00fcnyadaki kuyruklar\u0131 taraf\u0131ndan yap\u0131lan ihlallere kar\u015f\u0131 etkin bir icraat almamas\u0131 ele\u015ftirildi.<\/p>\n<p>S\u00f6z konusu g\u00fc\u00e7lerin s\u00f6zc\u00fcs\u00fc Ebu Muhammed el Hamadavi; T\u00fcrk g\u00fc\u00e7lerinin derhal Irak\u2019tan \u00e7ekilmelerini talep ederken, aksi halde Irak\u2019ta bulunan t\u00fcm T\u00fcrk \u00e7\u0131karlar\u0131n\u0131n kendileri i\u00e7in bir hedef say\u0131laca\u011f\u0131n\u0131 ve onlara sald\u0131racaklar\u0131n\u0131 ifade etti.<\/p>\n<p>Ayn\u0131 \u00e7er\u00e7eve alt\u0131nda Irak Halk G\u00fc\u00e7lerinin bir kolu olan Vadullah G\u00fc\u00e7leri Irak topraklar\u0131 ve egemenli\u011fine sald\u0131ran T\u00fcrk g\u00fc\u00e7lerine sald\u0131r\u0131 haz\u0131rl\u0131\u011f\u0131nda oldu\u011funu ilan etti.<\/p>\n","protected":false},"excerpt":{"rendered":"<p>BA\u011eDAT \u2013 Irak\u2019ta \u0130slami direni\u015f gruplar\u0131 T\u00fcrkiye&#8217;deki rejim g\u00fc\u00e7lerinin Irak\u2019\u0131n kuzeyine girmelerini \u015fiddetle k\u0131nad\u0131\u011f\u0131n\u0131 ifade ederek, bu g\u00fc\u00e7lere kar\u015f\u0131 kararl\u0131l\u0131kla kar\u015f\u0131 koyma vaatlerinde bulundular. \u0130slami direni\u015f gruplar\u0131 bug\u00fcn yay\u0131nlad\u0131klar\u0131 ve SANA\u2019n\u0131n bir n\u00fcshas\u0131n\u0131 teslim ald\u0131\u011f\u0131 resmi beyanda; T\u00fcrkiye rejimi g\u00fc\u00e7lerinin Irak\u2019\u0131 par\u00e7alamay\u0131 hedefleyen ABD \u2013 T\u00fcrkiye \u2013 K\u00f6rfez plan\u0131 kapsam\u0131nda Irak\u2019a girdiklerine dikkat \u00e7ekti. T\u00fcrkiye &hellip;<\/p>\n","protected":false},"author":1,"featured_media":54622,"comment_status":"closed","ping_status":"closed","sticky":false,"template":"","format":"standard","meta":{"footnotes":""},"categories":[458,459,17988],"tags":[18012],"class_list":["post-54621","post","type-post","status-publish","format-standard","has-post-thumbnail","","category-dunya1","category-haberler-arap-uluslararasi-politika","category-son-haberler","tag-erdogan-guclerine-karsi-koymakla-tehdit-ettiler"],"_links":{"self":[{"href":"https:\/\/archive.sana.sy\/tr\/index.php?rest_route=\/wp\/v2\/posts\/54621","targetHints":{"allow":["GET"]}}],"collection":[{"href":"https:\/\/archive.sana.sy\/tr\/index.php?rest_route=\/wp\/v2\/posts"}],"about":[{"href":"https:\/\/archive.sana.sy\/tr\/index.php?rest_route=\/wp\/v2\/types\/post"}],"author":[{"embeddable":true,"href":"https:\/\/archive.sana.sy\/tr\/index.php?rest_route=\/wp\/v2\/users\/1"}],"replies":[{"embeddable":true,"href":"https:\/\/archive.sana.sy\/tr\/index.php?rest_route=%2Fwp%2Fv2%2Fcomments&post=54621"}],"version-history":[{"count":0,"href":"https:\/\/archive.sana.sy\/tr\/index.php?rest_route=\/wp\/v2\/posts\/54621\/revisions"}],"wp:featuredmedia":[{"embeddable":true,"href":"https:\/\/archive.sana.sy\/tr\/index.php?rest_route=\/wp\/v2\/media\/54622"}],"wp:attachment":[{"href":"https:\/\/archive.sana.sy\/tr\/index.php?rest_route=%2Fwp%2Fv2%2Fmedia&parent=54621"}],"wp:term":[{"taxonomy":"category","embeddable":true,"href":"https:\/\/archive.sana.sy\/tr\/index.php?rest_route=%2Fwp%2Fv2%2Fcategories&post=54621"},{"taxonomy":"post_tag","embeddable":true,"href":"https:\/\/archive.sana.sy\/tr\/index.php?rest_route=%2Fwp%2Fv2%2Ftags&post=54621"}],"curies":[{"name":"wp","href":"https:\/\/api.w.org\/{rel}","templated":true}]}}