{"id":54624,"date":"2015-12-07T15:59:41","date_gmt":"2015-12-07T13:59:41","guid":{"rendered":"http:\/\/www.sana.sy\/tr\/?p=54624"},"modified":"2015-12-07T15:59:41","modified_gmt":"2015-12-07T13:59:41","slug":"turk-ucaklari-irakta-isid-tekfircilerine-silah-ve-gida-temin-ediyor","status":"publish","type":"post","link":"https:\/\/archive.sana.sy\/tr\/?p=54624","title":{"rendered":"T\u00fcrk U\u00e7aklar\u0131 Irak\u2019ta I\u015e\u0130D Tekfircilerine Silah ve G\u0131da Temin Ediyor"},"content":{"rendered":"<p>BA\u011eDAT \u2013 Irak Sivil Demokrat Koalisyonu Ba\u015fkan\u0131 Milletvekili Misal el Alusi; T\u00fcrk u\u00e7aklar\u0131n\u0131n Irak\u2019\u0131n kuzeyinde I\u015e\u0130D tekfircilerine silah, m\u00fchimmat ve muhtelif t\u00fcr t\u00fcketim maddeleri temin ettiklerine dair kesin kan\u0131tlar\u0131n bulundu\u011funu belirtti.<\/p>\n<p>Alusi SANA\u2019n\u0131n Ba\u011fdat muhabirine a\u00e7\u0131klamas\u0131nda; Irak\u2019\u0131n muhtelif b\u00f6lgelerinde I\u015e\u0130D ter\u00f6ristlerine silah ve g\u0131da maddeleri temin eden T\u00fcrkiye u\u00e7aklar\u0131n\u0131n aleni bir \u015fekilde T\u00fcrkiye bayraklar\u0131 ta\u015f\u0131d\u0131klar\u0131n\u0131 s\u00f6ylerken, bunun da Erdo\u011fan rejiminin I\u015e\u0130D\u2019i destekledi\u011fine bir kan\u0131t\u0131 oldu\u011funu s\u00f6zlerine ekledi.<\/p>\n","protected":false},"excerpt":{"rendered":"<p>BA\u011eDAT \u2013 Irak Sivil Demokrat Koalisyonu Ba\u015fkan\u0131 Milletvekili Misal el Alusi; T\u00fcrk u\u00e7aklar\u0131n\u0131n Irak\u2019\u0131n kuzeyinde I\u015e\u0130D tekfircilerine silah, m\u00fchimmat ve muhtelif t\u00fcr t\u00fcketim maddeleri temin ettiklerine dair kesin kan\u0131tlar\u0131n bulundu\u011funu belirtti. Alusi SANA\u2019n\u0131n Ba\u011fdat muhabirine a\u00e7\u0131klamas\u0131nda; Irak\u2019\u0131n muhtelif b\u00f6lgelerinde I\u015e\u0130D ter\u00f6ristlerine silah ve g\u0131da maddeleri temin eden T\u00fcrkiye u\u00e7aklar\u0131n\u0131n aleni bir \u015fekilde T\u00fcrkiye bayraklar\u0131 ta\u015f\u0131d\u0131klar\u0131n\u0131 &hellip;<\/p>\n","protected":false},"author":1,"featured_media":54625,"comment_status":"closed","ping_status":"closed","sticky":false,"template":"","format":"standard","meta":{"footnotes":""},"categories":[458,459,17988],"tags":[18013],"class_list":["post-54624","post","type-post","status-publish","format-standard","has-post-thumbnail","","category-dunya1","category-haberler-arap-uluslararasi-politika","category-son-haberler","tag-turk-ucaklari-irakta-isid-tekfircilerine-silah-ve-gida-temin-ediyor"],"_links":{"self":[{"href":"https:\/\/archive.sana.sy\/tr\/index.php?rest_route=\/wp\/v2\/posts\/54624","targetHints":{"allow":["GET"]}}],"collection":[{"href":"https:\/\/archive.sana.sy\/tr\/index.php?rest_route=\/wp\/v2\/posts"}],"about":[{"href":"https:\/\/archive.sana.sy\/tr\/index.php?rest_route=\/wp\/v2\/types\/post"}],"author":[{"embeddable":true,"href":"https:\/\/archive.sana.sy\/tr\/index.php?rest_route=\/wp\/v2\/users\/1"}],"replies":[{"embeddable":true,"href":"https:\/\/archive.sana.sy\/tr\/index.php?rest_route=%2Fwp%2Fv2%2Fcomments&post=54624"}],"version-history":[{"count":0,"href":"https:\/\/archive.sana.sy\/tr\/index.php?rest_route=\/wp\/v2\/posts\/54624\/revisions"}],"wp:featuredmedia":[{"embeddable":true,"href":"https:\/\/archive.sana.sy\/tr\/index.php?rest_route=\/wp\/v2\/media\/54625"}],"wp:attachment":[{"href":"https:\/\/archive.sana.sy\/tr\/index.php?rest_route=%2Fwp%2Fv2%2Fmedia&parent=54624"}],"wp:term":[{"taxonomy":"category","embeddable":true,"href":"https:\/\/archive.sana.sy\/tr\/index.php?rest_route=%2Fwp%2Fv2%2Fcategories&post=54624"},{"taxonomy":"post_tag","embeddable":true,"href":"https:\/\/archive.sana.sy\/tr\/index.php?rest_route=%2Fwp%2Fv2%2Ftags&post=54624"}],"curies":[{"name":"wp","href":"https:\/\/api.w.org\/{rel}","templated":true}]}}