{"id":54632,"date":"2015-12-07T16:49:14","date_gmt":"2015-12-07T14:49:14","guid":{"rendered":"http:\/\/www.sana.sy\/tr\/?p=54632"},"modified":"2015-12-07T16:49:14","modified_gmt":"2015-12-07T14:49:14","slug":"caba-ve-koordinasyonun-surdurulmesine-anlastilar","status":"publish","type":"post","link":"https:\/\/archive.sana.sy\/tr\/?p=54632","title":{"rendered":"\u00c7aba ve Koordinasyonun S\u00fcrd\u00fcr\u00fclmesine Anla\u015ft\u0131lar"},"content":{"rendered":"<p>MOSKOVA \u2013 Rusya D\u0131\u015fi\u015fleri Bakan\u0131 Sergey Lavrov ve \u0130ranl\u0131 mevkida\u015f\u0131 Muhammed Cevat Zarif bug\u00fcn aralar\u0131nda ger\u00e7ekle\u015fen telefon g\u00f6r\u00fc\u015fmesinde Suriye&#8217;deki krizin \u00e7\u00f6z\u00fcm\u00fc ve Suriye&#8217;de bulunan ter\u00f6r \u00f6rg\u00fctlere ili\u015fkin ortak bir listenin olu\u015fturulmas\u0131 y\u00f6n\u00fcndeki \u00e7aba ve koordinasyonun s\u00fcrd\u00fcr\u00fclmesi \u00fczerine anla\u015ft\u0131.<\/p>\n<p>Rusya D\u0131\u015fi\u015fleri Bakanl\u0131\u011f\u0131 yay\u0131nlad\u0131\u011f\u0131 resmi beyan\u0131nda bug\u00fcn Lavrov ve Zarif\u2019in Ortado\u011fu B\u00f6lgesindeki durumlar\u0131 de\u011ferlendirdikleri telefon g\u00f6r\u00fc\u015fmelerinde; Suriye&#8217;deki durumlara ve krizin Haziran 2012 tarihli Cenevre Deklarasyonu \u00e7er\u00e7evesinde \u00e7\u00f6z\u00fclmesi gere\u011fine odakland\u0131klar\u0131n\u0131 a\u00e7\u0131klad\u0131. Beyanda iki bakan\u0131n son olarak Viyana g\u00f6r\u00fc\u015fmelerinde \u00fcst\u00fcne anla\u015f\u0131lan noktalar\u0131 hayata ge\u00e7irme gere\u011finde g\u00f6r\u00fc\u015f birli\u011fi kaydettiklerine dikkat \u00e7ekildi.<\/p>\n","protected":false},"excerpt":{"rendered":"<p>MOSKOVA \u2013 Rusya D\u0131\u015fi\u015fleri Bakan\u0131 Sergey Lavrov ve \u0130ranl\u0131 mevkida\u015f\u0131 Muhammed Cevat Zarif bug\u00fcn aralar\u0131nda ger\u00e7ekle\u015fen telefon g\u00f6r\u00fc\u015fmesinde Suriye&#8217;deki krizin \u00e7\u00f6z\u00fcm\u00fc ve Suriye&#8217;de bulunan ter\u00f6r \u00f6rg\u00fctlere ili\u015fkin ortak bir listenin olu\u015fturulmas\u0131 y\u00f6n\u00fcndeki \u00e7aba ve koordinasyonun s\u00fcrd\u00fcr\u00fclmesi \u00fczerine anla\u015ft\u0131. Rusya D\u0131\u015fi\u015fleri Bakanl\u0131\u011f\u0131 yay\u0131nlad\u0131\u011f\u0131 resmi beyan\u0131nda bug\u00fcn Lavrov ve Zarif\u2019in Ortado\u011fu B\u00f6lgesindeki durumlar\u0131 de\u011ferlendirdikleri telefon g\u00f6r\u00fc\u015fmelerinde; Suriye&#8217;deki &hellip;<\/p>\n","protected":false},"author":1,"featured_media":54633,"comment_status":"closed","ping_status":"closed","sticky":false,"template":"","format":"standard","meta":{"footnotes":""},"categories":[458,459,17988],"tags":[18014,10651],"class_list":["post-54632","post","type-post","status-publish","format-standard","has-post-thumbnail","","category-dunya1","category-haberler-arap-uluslararasi-politika","category-son-haberler","tag-iranli-mevkidasi-muhammed-cevat-zarif","tag-rusya-disisleri-bakani-sergey-lavrov"],"_links":{"self":[{"href":"https:\/\/archive.sana.sy\/tr\/index.php?rest_route=\/wp\/v2\/posts\/54632","targetHints":{"allow":["GET"]}}],"collection":[{"href":"https:\/\/archive.sana.sy\/tr\/index.php?rest_route=\/wp\/v2\/posts"}],"about":[{"href":"https:\/\/archive.sana.sy\/tr\/index.php?rest_route=\/wp\/v2\/types\/post"}],"author":[{"embeddable":true,"href":"https:\/\/archive.sana.sy\/tr\/index.php?rest_route=\/wp\/v2\/users\/1"}],"replies":[{"embeddable":true,"href":"https:\/\/archive.sana.sy\/tr\/index.php?rest_route=%2Fwp%2Fv2%2Fcomments&post=54632"}],"version-history":[{"count":0,"href":"https:\/\/archive.sana.sy\/tr\/index.php?rest_route=\/wp\/v2\/posts\/54632\/revisions"}],"wp:featuredmedia":[{"embeddable":true,"href":"https:\/\/archive.sana.sy\/tr\/index.php?rest_route=\/wp\/v2\/media\/54633"}],"wp:attachment":[{"href":"https:\/\/archive.sana.sy\/tr\/index.php?rest_route=%2Fwp%2Fv2%2Fmedia&parent=54632"}],"wp:term":[{"taxonomy":"category","embeddable":true,"href":"https:\/\/archive.sana.sy\/tr\/index.php?rest_route=%2Fwp%2Fv2%2Fcategories&post=54632"},{"taxonomy":"post_tag","embeddable":true,"href":"https:\/\/archive.sana.sy\/tr\/index.php?rest_route=%2Fwp%2Fv2%2Ftags&post=54632"}],"curies":[{"name":"wp","href":"https:\/\/api.w.org\/{rel}","templated":true}]}}