{"id":54636,"date":"2015-12-07T17:27:13","date_gmt":"2015-12-07T15:27:13","guid":{"rendered":"http:\/\/www.sana.sy\/tr\/?p=54636"},"modified":"2015-12-08T15:38:15","modified_gmt":"2015-12-08T13:38:15","slug":"kral-ve-kralice-suriye-standina-buyuk-ilgi-gosterdi","status":"publish","type":"post","link":"https:\/\/archive.sana.sy\/tr\/?p=54636","title":{"rendered":"Kral ve Krali\u00e7e Suriye Stand\u0131na B\u00fcy\u00fck \u0130lgi G\u00f6sterdi"},"content":{"rendered":"<p>SOFYA \u2013 Bulgar Kral\u0131 2. Simeon Sakskoburgotsky Suriye ve halk\u0131n\u0131n yan\u0131nda sahip oldu\u011fu asil uygarl\u0131\u011f\u0131na be\u011fenisini ifade ederken, Suriye&#8217;nin en k\u0131sa zamanda bar\u0131\u015f ve g\u00fcvenli\u011fine kavu\u015fmas\u0131 temennilerini dile getirdi.<\/p>\n<p>D\u00fcnya Kad\u0131nlar Kul\u00fcb\u00fcn\u00fcn ba\u015fkent Sofya\u2019da organize etti\u011fi ve Bulgar Krali\u00e7esi Margherita\u2019n\u0131n a\u00e7\u0131l\u0131\u015f\u0131n\u0131 yapt\u0131\u011f\u0131 y\u0131ll\u0131k Kermes\u2019te Suriye stand\u0131n\u0131 ziyaret eden Kral Sakskoburgotsky; Suriye&#8217;nin tan\u0131k oldu\u011fu ko\u015fullara ra\u011fmen bu \u00f6nemli etkinli\u011fe kat\u0131lmas\u0131ndan b\u00fcy\u00fck mutluluk duydu\u011funu s\u00f6yledi.<\/p>\n<p>Suriye stand\u0131n\u0131 ziyaret edip ayr\u0131nt\u0131lara kar\u015f\u0131 incelemelerde bulunan Bulgar kral\u0131 ve krali\u00e7esi; stantta kendilerini kar\u015f\u0131layan Suriye&#8217;nin Sofya B\u00fcy\u00fckel\u00e7isi Nadire Seyyaf\u2019tan Suriye&#8217;nin kat\u0131l\u0131m\u0131 hakk\u0131nda bir sunum dinledi.<\/p>\n<p>Suriye&#8217;nin kermesteki stand\u0131 b\u00fcy\u00fck ilgi g\u00f6r\u00fcrken Arap ve yabanc\u0131 \u00e7ok say\u0131da b\u00fcy\u00fckel\u00e7inin ziyareti ve ilgisine tan\u0131k oldu.<\/p>\n<div id='gallery-1' class='gallery galleryid-54636 gallery-columns-3 gallery-size-thumbnail'><figure class='gallery-item'>\n\t\t\t<div class='gallery-icon portrait'>\n\t\t\t\t<a href='https:\/\/archive.sana.sy\/tr\/wp-content\/uploads\/2015\/12\/135.jpg'><img loading=\"lazy\" decoding=\"async\" width=\"84\" height=\"150\" src=\"https:\/\/archive.sana.sy\/tr\/wp-content\/uploads\/2015\/12\/135-84x150.jpg\" class=\"attachment-thumbnail size-thumbnail\" alt=\"\" srcset=\"https:\/\/archive.sana.sy\/tr\/wp-content\/uploads\/2015\/12\/135-84x150.jpg 84w, https:\/\/archive.sana.sy\/tr\/wp-content\/uploads\/2015\/12\/135-169x300.jpg 169w, https:\/\/archive.sana.sy\/tr\/wp-content\/uploads\/2015\/12\/135.jpg 540w\" sizes=\"auto, (max-width: 84px) 100vw, 84px\" \/><\/a>\n\t\t\t<\/div><\/figure><figure class='gallery-item'>\n\t\t\t<div class='gallery-icon landscape'>\n\t\t\t\t<a href='https:\/\/archive.sana.sy\/tr\/wp-content\/uploads\/2015\/12\/216.jpg'><img loading=\"lazy\" decoding=\"async\" width=\"150\" height=\"89\" src=\"https:\/\/archive.sana.sy\/tr\/wp-content\/uploads\/2015\/12\/216-150x89.jpg\" class=\"attachment-thumbnail size-thumbnail\" alt=\"\" srcset=\"https:\/\/archive.sana.sy\/tr\/wp-content\/uploads\/2015\/12\/216-150x89.jpg 150w, https:\/\/archive.sana.sy\/tr\/wp-content\/uploads\/2015\/12\/216-300x179.jpg 300w, https:\/\/archive.sana.sy\/tr\/wp-content\/uploads\/2015\/12\/216.jpg 960w\" sizes=\"auto, (max-width: 150px) 100vw, 150px\" \/><\/a>\n\t\t\t<\/div><\/figure><figure class='gallery-item'>\n\t\t\t<div class='gallery-icon landscape'>\n\t\t\t\t<a href='https:\/\/archive.sana.sy\/tr\/wp-content\/uploads\/2015\/12\/310.jpg'><img loading=\"lazy\" decoding=\"async\" width=\"150\" height=\"84\" src=\"https:\/\/archive.sana.sy\/tr\/wp-content\/uploads\/2015\/12\/310-150x84.jpg\" class=\"attachment-thumbnail size-thumbnail\" alt=\"\" srcset=\"https:\/\/archive.sana.sy\/tr\/wp-content\/uploads\/2015\/12\/310-150x84.jpg 150w, https:\/\/archive.sana.sy\/tr\/wp-content\/uploads\/2015\/12\/310-300x169.jpg 300w, https:\/\/archive.sana.sy\/tr\/wp-content\/uploads\/2015\/12\/310.jpg 960w\" sizes=\"auto, (max-width: 150px) 100vw, 150px\" \/><\/a>\n\t\t\t<\/div><\/figure>\n\t\t<\/div>\n\n<p>&nbsp;<\/p>\n","protected":false},"excerpt":{"rendered":"<p>SOFYA \u2013 Bulgar Kral\u0131 2. Simeon Sakskoburgotsky Suriye ve halk\u0131n\u0131n yan\u0131nda sahip oldu\u011fu asil uygarl\u0131\u011f\u0131na be\u011fenisini ifade ederken, Suriye&#8217;nin en k\u0131sa zamanda bar\u0131\u015f ve g\u00fcvenli\u011fine kavu\u015fmas\u0131 temennilerini dile getirdi. D\u00fcnya Kad\u0131nlar Kul\u00fcb\u00fcn\u00fcn ba\u015fkent Sofya\u2019da organize etti\u011fi ve Bulgar Krali\u00e7esi Margherita\u2019n\u0131n a\u00e7\u0131l\u0131\u015f\u0131n\u0131 yapt\u0131\u011f\u0131 y\u0131ll\u0131k Kermes\u2019te Suriye stand\u0131n\u0131 ziyaret eden Kral Sakskoburgotsky; Suriye&#8217;nin tan\u0131k oldu\u011fu ko\u015fullara ra\u011fmen &hellip;<\/p>\n","protected":false},"author":1,"featured_media":54705,"comment_status":"closed","ping_status":"closed","sticky":false,"template":"","format":"standard","meta":{"footnotes":""},"categories":[485,486,17988],"tags":[18015],"class_list":["post-54636","post","type-post","status-publish","format-standard","has-post-thumbnail","","category-is-ve-sermaye","category-haberler-is-ve-sermaye","category-son-haberler","tag-kral-ve-kralice-suriye-standina-buyuk-ilgi-gosterdi"],"_links":{"self":[{"href":"https:\/\/archive.sana.sy\/tr\/index.php?rest_route=\/wp\/v2\/posts\/54636","targetHints":{"allow":["GET"]}}],"collection":[{"href":"https:\/\/archive.sana.sy\/tr\/index.php?rest_route=\/wp\/v2\/posts"}],"about":[{"href":"https:\/\/archive.sana.sy\/tr\/index.php?rest_route=\/wp\/v2\/types\/post"}],"author":[{"embeddable":true,"href":"https:\/\/archive.sana.sy\/tr\/index.php?rest_route=\/wp\/v2\/users\/1"}],"replies":[{"embeddable":true,"href":"https:\/\/archive.sana.sy\/tr\/index.php?rest_route=%2Fwp%2Fv2%2Fcomments&post=54636"}],"version-history":[{"count":0,"href":"https:\/\/archive.sana.sy\/tr\/index.php?rest_route=\/wp\/v2\/posts\/54636\/revisions"}],"wp:featuredmedia":[{"embeddable":true,"href":"https:\/\/archive.sana.sy\/tr\/index.php?rest_route=\/wp\/v2\/media\/54705"}],"wp:attachment":[{"href":"https:\/\/archive.sana.sy\/tr\/index.php?rest_route=%2Fwp%2Fv2%2Fmedia&parent=54636"}],"wp:term":[{"taxonomy":"category","embeddable":true,"href":"https:\/\/archive.sana.sy\/tr\/index.php?rest_route=%2Fwp%2Fv2%2Fcategories&post=54636"},{"taxonomy":"post_tag","embeddable":true,"href":"https:\/\/archive.sana.sy\/tr\/index.php?rest_route=%2Fwp%2Fv2%2Ftags&post=54636"}],"curies":[{"name":"wp","href":"https:\/\/api.w.org\/{rel}","templated":true}]}}