{"id":54645,"date":"2015-12-08T14:07:26","date_gmt":"2015-12-08T12:07:26","guid":{"rendered":"http:\/\/www.sana.sy\/tr\/?p=54645"},"modified":"2015-12-08T14:07:26","modified_gmt":"2015-12-08T12:07:26","slug":"irandan-erdogana-sert-yanit","status":"publish","type":"post","link":"https:\/\/archive.sana.sy\/tr\/?p=54645","title":{"rendered":"\u0130ran\u2019dan Erdo\u011fan\u2019a Sert Yan\u0131t"},"content":{"rendered":"<p>TAHRAN \u2013 \u0130ran h\u00fck\u00fcmetinin resmi s\u00f6zc\u00fcs\u00fc Muhammed Bakir Nubaht T\u00fcrkiye rejimi ba\u015fkan\u0131 Recep Tayip Erdo\u011fan\u2019\u0131n \u0130ran Cumhurba\u015fkan\u0131 Hasan Ruhani ile telefon g\u00f6r\u00fc\u015fmesine ili\u015fkin yapt\u0131\u011f\u0131 a\u00e7\u0131klamalar\u0131 \u2018yalan iddialar\u2019 olarak nitelendirdi.<\/p>\n<p>Nubaht bug\u00fcn bas\u0131na yapt\u0131\u011f\u0131 a\u00e7\u0131klamalarda; \u2018Erdo\u011fan\u2019dan daha b\u00fcy\u00fck olan ve daha muteber olanlar\u0131n bile \u0130ran\u2019\u0131 tehdit etmekten acil kald\u0131klar\u0131n\u0131\u2019 s\u00f6yledi. Erdo\u011fan\u2019\u0131n \u0130ran\u2019\u0131 tehdit edecek yada uyaracak d\u00fczeyde olmad\u0131\u011f\u0131n\u0131 iyi bilmesi gerekti\u011fini belirten Nubaht; Erdo\u011fan\u2019a sert bir yan\u0131t verdi.<\/p>\n<p>Nubaht Erdo\u011fan\u2019\u0131n Ruhani ile telefon ba\u011flant\u0131s\u0131na ili\u015fkin iddialar\u0131n\u0131n ge\u00e7en yaz aylar\u0131nda ger\u00e7ekle\u015fen bir telefon ba\u011flant\u0131s\u0131na ili\u015fkin oldu\u011funu a\u00e7\u0131klad\u0131. Ge\u00e7en yaz aylar\u0131nda Erdo\u011fan\u2019\u0131n Ruhani ile telefon ba\u011flant\u0131s\u0131nda \u2018\u0130ranl\u0131 bir gazetenin kendisi ve ailesine ili\u015fkin haber payla\u015ft\u0131\u011f\u0131n\u0131 ifade etti\u011fine dikkat \u00e7eken Nubaht; bunun \u00fczerine Ruhani\u2019nin Erdo\u011fan\u2019a bunun ifade \u00f6zg\u00fcrl\u00fc\u011f\u00fc \u00e7er\u00e7evesinde geldi\u011fini ve tehdit niteli\u011fi ta\u015f\u0131mad\u0131\u011f\u0131n\u0131 s\u00f6yledi\u011fini a\u00e7\u0131klad\u0131.<\/p>\n<p>Nubaht Erdo\u011fan ve m\u00fcste\u015farlar\u0131n\u0131 mevcut s\u00fcre\u00e7 i\u00e7inde bir dizi sorun ya\u015fayan \u00fclkelerini kom\u015fu devletlerle anla\u015fmazl\u0131klara sokmamalar\u0131na \u00e7a\u011f\u0131rd\u0131.<\/p>\n","protected":false},"excerpt":{"rendered":"<p>TAHRAN \u2013 \u0130ran h\u00fck\u00fcmetinin resmi s\u00f6zc\u00fcs\u00fc Muhammed Bakir Nubaht T\u00fcrkiye rejimi ba\u015fkan\u0131 Recep Tayip Erdo\u011fan\u2019\u0131n \u0130ran Cumhurba\u015fkan\u0131 Hasan Ruhani ile telefon g\u00f6r\u00fc\u015fmesine ili\u015fkin yapt\u0131\u011f\u0131 a\u00e7\u0131klamalar\u0131 \u2018yalan iddialar\u2019 olarak nitelendirdi. Nubaht bug\u00fcn bas\u0131na yapt\u0131\u011f\u0131 a\u00e7\u0131klamalarda; \u2018Erdo\u011fan\u2019dan daha b\u00fcy\u00fck olan ve daha muteber olanlar\u0131n bile \u0130ran\u2019\u0131 tehdit etmekten acil kald\u0131klar\u0131n\u0131\u2019 s\u00f6yledi. Erdo\u011fan\u2019\u0131n \u0130ran\u2019\u0131 tehdit edecek yada uyaracak &hellip;<\/p>\n","protected":false},"author":1,"featured_media":54699,"comment_status":"closed","ping_status":"closed","sticky":false,"template":"","format":"standard","meta":{"footnotes":""},"categories":[458,459,17988],"tags":[9401,18021],"class_list":["post-54645","post","type-post","status-publish","format-standard","has-post-thumbnail","","category-dunya1","category-haberler-arap-uluslararasi-politika","category-son-haberler","tag-erdogan","tag-iran-hukumetinin-resmi-sozcusu-muhammed-bakir-nubaht"],"_links":{"self":[{"href":"https:\/\/archive.sana.sy\/tr\/index.php?rest_route=\/wp\/v2\/posts\/54645","targetHints":{"allow":["GET"]}}],"collection":[{"href":"https:\/\/archive.sana.sy\/tr\/index.php?rest_route=\/wp\/v2\/posts"}],"about":[{"href":"https:\/\/archive.sana.sy\/tr\/index.php?rest_route=\/wp\/v2\/types\/post"}],"author":[{"embeddable":true,"href":"https:\/\/archive.sana.sy\/tr\/index.php?rest_route=\/wp\/v2\/users\/1"}],"replies":[{"embeddable":true,"href":"https:\/\/archive.sana.sy\/tr\/index.php?rest_route=%2Fwp%2Fv2%2Fcomments&post=54645"}],"version-history":[{"count":0,"href":"https:\/\/archive.sana.sy\/tr\/index.php?rest_route=\/wp\/v2\/posts\/54645\/revisions"}],"wp:featuredmedia":[{"embeddable":true,"href":"https:\/\/archive.sana.sy\/tr\/index.php?rest_route=\/wp\/v2\/media\/54699"}],"wp:attachment":[{"href":"https:\/\/archive.sana.sy\/tr\/index.php?rest_route=%2Fwp%2Fv2%2Fmedia&parent=54645"}],"wp:term":[{"taxonomy":"category","embeddable":true,"href":"https:\/\/archive.sana.sy\/tr\/index.php?rest_route=%2Fwp%2Fv2%2Fcategories&post=54645"},{"taxonomy":"post_tag","embeddable":true,"href":"https:\/\/archive.sana.sy\/tr\/index.php?rest_route=%2Fwp%2Fv2%2Ftags&post=54645"}],"curies":[{"name":"wp","href":"https:\/\/api.w.org\/{rel}","templated":true}]}}