{"id":54647,"date":"2015-12-08T12:30:13","date_gmt":"2015-12-08T10:30:13","guid":{"rendered":"http:\/\/www.sana.sy\/tr\/?p=54647"},"modified":"2015-12-08T12:30:13","modified_gmt":"2015-12-08T10:30:13","slug":"turkiye-guclerinin-sadece-24-saati-kaldi","status":"publish","type":"post","link":"https:\/\/archive.sana.sy\/tr\/?p=54647","title":{"rendered":"T\u00fcrkiye G\u00fc\u00e7lerinin Sadece 24 Saati Kald\u0131"},"content":{"rendered":"<p>BA\u011eDAT \u2013 Irak Ba\u015fbakan\u0131 Haydar el Abbadi T\u00fcrkiye&#8217;deki rejimin Irak h\u00fck\u00fcmetinin izin ve onay\u0131 olmadan Irak topraklar\u0131na ge\u00e7irdi\u011fi g\u00fc\u00e7lerini \u00e7ekmek i\u00e7in sadece 24 saat kald\u0131\u011f\u0131n\u0131 belirtti.<\/p>\n<p>Abbadi Irak hava g\u00fc\u00e7leri komutanl\u0131\u011f\u0131na ziyareti s\u0131ras\u0131nda yapt\u0131\u011f\u0131 ve Irak resmi haber ajans\u0131 Enformasyon \u015eebekesinin aktard\u0131\u011f\u0131 a\u00e7\u0131klamalar\u0131nda; Irak hava g\u00fc\u00e7lerinin sald\u0131rganlar\u0131 ve ter\u00f6r\u00fc bertaraf etmede b\u00fcy\u00fck bir rol oynad\u0131\u011f\u0131n\u0131 ifade etti.<\/p>\n<p>Irak Ba\u015fbakanl\u0131\u011f\u0131 bas\u0131n ofisinin yay\u0131nlad\u0131\u011f\u0131 beyanda ise Abbadi; Irak hava g\u00fc\u00e7lerinin Irak ve s\u0131n\u0131rlar\u0131n\u0131 koruma g\u00fcc\u00fcne sahip oldu\u011funu belirtti.<\/p>\n<p>Ayn\u0131 zamanda Irak silahl\u0131 kuvvetleri genel komutan\u0131 olan Ba\u015fbakan Abbadi; Irak hava g\u00fc\u00e7lerine vatan\u0131 s\u0131n\u0131rlar\u0131, hava sahas\u0131 ve her \u015feyiyle savunmak, sald\u0131rganlara kar\u015f\u0131 operasyonlar d\u00fczenleme haz\u0131rl\u0131\u011f\u0131nda olmalar\u0131 talimatlar\u0131 vermi\u015fti.<\/p>\n<p>R.H.<\/p>\n","protected":false},"excerpt":{"rendered":"<p>BA\u011eDAT \u2013 Irak Ba\u015fbakan\u0131 Haydar el Abbadi T\u00fcrkiye&#8217;deki rejimin Irak h\u00fck\u00fcmetinin izin ve onay\u0131 olmadan Irak topraklar\u0131na ge\u00e7irdi\u011fi g\u00fc\u00e7lerini \u00e7ekmek i\u00e7in sadece 24 saat kald\u0131\u011f\u0131n\u0131 belirtti. Abbadi Irak hava g\u00fc\u00e7leri komutanl\u0131\u011f\u0131na ziyareti s\u0131ras\u0131nda yapt\u0131\u011f\u0131 ve Irak resmi haber ajans\u0131 Enformasyon \u015eebekesinin aktard\u0131\u011f\u0131 a\u00e7\u0131klamalar\u0131nda; Irak hava g\u00fc\u00e7lerinin sald\u0131rganlar\u0131 ve ter\u00f6r\u00fc bertaraf etmede b\u00fcy\u00fck bir rol oynad\u0131\u011f\u0131n\u0131 &hellip;<\/p>\n","protected":false},"author":1,"featured_media":54648,"comment_status":"closed","ping_status":"closed","sticky":false,"template":"","format":"standard","meta":{"footnotes":""},"categories":[458,459,17988],"tags":[18016],"class_list":["post-54647","post","type-post","status-publish","format-standard","has-post-thumbnail","","category-dunya1","category-haberler-arap-uluslararasi-politika","category-son-haberler","tag-turkiye-guclerinin-sadece-24-saati-kaldi"],"_links":{"self":[{"href":"https:\/\/archive.sana.sy\/tr\/index.php?rest_route=\/wp\/v2\/posts\/54647","targetHints":{"allow":["GET"]}}],"collection":[{"href":"https:\/\/archive.sana.sy\/tr\/index.php?rest_route=\/wp\/v2\/posts"}],"about":[{"href":"https:\/\/archive.sana.sy\/tr\/index.php?rest_route=\/wp\/v2\/types\/post"}],"author":[{"embeddable":true,"href":"https:\/\/archive.sana.sy\/tr\/index.php?rest_route=\/wp\/v2\/users\/1"}],"replies":[{"embeddable":true,"href":"https:\/\/archive.sana.sy\/tr\/index.php?rest_route=%2Fwp%2Fv2%2Fcomments&post=54647"}],"version-history":[{"count":0,"href":"https:\/\/archive.sana.sy\/tr\/index.php?rest_route=\/wp\/v2\/posts\/54647\/revisions"}],"wp:featuredmedia":[{"embeddable":true,"href":"https:\/\/archive.sana.sy\/tr\/index.php?rest_route=\/wp\/v2\/media\/54648"}],"wp:attachment":[{"href":"https:\/\/archive.sana.sy\/tr\/index.php?rest_route=%2Fwp%2Fv2%2Fmedia&parent=54647"}],"wp:term":[{"taxonomy":"category","embeddable":true,"href":"https:\/\/archive.sana.sy\/tr\/index.php?rest_route=%2Fwp%2Fv2%2Fcategories&post=54647"},{"taxonomy":"post_tag","embeddable":true,"href":"https:\/\/archive.sana.sy\/tr\/index.php?rest_route=%2Fwp%2Fv2%2Ftags&post=54647"}],"curies":[{"name":"wp","href":"https:\/\/api.w.org\/{rel}","templated":true}]}}