{"id":54650,"date":"2015-12-08T12:47:47","date_gmt":"2015-12-08T10:47:47","guid":{"rendered":"http:\/\/www.sana.sy\/tr\/?p=54650"},"modified":"2015-12-08T12:47:47","modified_gmt":"2015-12-08T10:47:47","slug":"erdogan-rejimi-insan-ticareti-yapiyor","status":"publish","type":"post","link":"https:\/\/archive.sana.sy\/tr\/?p=54650","title":{"rendered":"Erdo\u011fan Rejimi \u0130nsan Ticareti Yap\u0131yor"},"content":{"rendered":"<p>PRAG \u2013 \u00c7ek Cumhuriyeti Ba\u015fbakan Yard\u0131mc\u0131s\u0131 ve Maliye Bakan\u0131 Andrej Babis Suriye&#8217;de Cumhurba\u015fkan\u0131 Be\u015f\u015far el Esad olmadan bar\u0131\u015f sa\u011flama yada krizi \u00e7\u00f6zmenin m\u00fcmk\u00fcn olmad\u0131\u011f\u0131n\u0131 belirtti.<\/p>\n<p>\u00c7ek Pravo Gazetesinin bug\u00fcn aktard\u0131\u011f\u0131 a\u00e7\u0131klamalar\u0131nda Babis; Suriye&#8217;deki krize \u00e7\u00f6z\u00fcm bulmak i\u00e7in Uluslararas\u0131 G\u00fcvenlik Konseyinin ter\u00f6rle m\u00fccadele eden devletlerle i\u015fbirli\u011fi i\u00e7inde olmas\u0131 ve her \u015feyden \u00f6nce ter\u00f6re kar\u015f\u0131 zaferin sa\u011flanmas\u0131 gerekti\u011fini ifade etti.<\/p>\n<p>Babis T\u00fcrkiye&#8217;nin Avrupa\u2019ya ak\u0131n eden m\u00fclteci sorununun \u00e7\u00f6z\u00fcm\u00fcn\u00fcn bir par\u00e7as\u0131 de\u011fil de sorunun kendisinin bir par\u00e7as\u0131 oldu\u011funa vurgu yapan Babis; T\u00fcrkiye\u2019deki rejimin Cenevre Anla\u015fmas\u0131 kapsam\u0131nda \u00fcst\u00fcne d\u00fc\u015fen vacipleri yerine getirmedi\u011fini belirtti.<\/p>\n<p>Erdo\u011fan otoritelerinin T\u00fcrkiye&#8217;deki m\u00fcltecilerin kay\u0131tlar\u0131n\u0131 kas\u0131tl\u0131 bir \u015fekilde yapmad\u0131\u011f\u0131na dikkat \u00e7eken Babis; \u00e7\u00fcnk\u00fc uyu\u015fturucu ticaretinden bile daha \u00e7ok para getiren insan ticareti yapt\u0131\u011f\u0131n\u0131n alt\u0131n\u0131 \u00e7izdi.<\/p>\n<p>R.H.<\/p>\n","protected":false},"excerpt":{"rendered":"<p>PRAG \u2013 \u00c7ek Cumhuriyeti Ba\u015fbakan Yard\u0131mc\u0131s\u0131 ve Maliye Bakan\u0131 Andrej Babis Suriye&#8217;de Cumhurba\u015fkan\u0131 Be\u015f\u015far el Esad olmadan bar\u0131\u015f sa\u011flama yada krizi \u00e7\u00f6zmenin m\u00fcmk\u00fcn olmad\u0131\u011f\u0131n\u0131 belirtti. \u00c7ek Pravo Gazetesinin bug\u00fcn aktard\u0131\u011f\u0131 a\u00e7\u0131klamalar\u0131nda Babis; Suriye&#8217;deki krize \u00e7\u00f6z\u00fcm bulmak i\u00e7in Uluslararas\u0131 G\u00fcvenlik Konseyinin ter\u00f6rle m\u00fccadele eden devletlerle i\u015fbirli\u011fi i\u00e7inde olmas\u0131 ve her \u015feyden \u00f6nce ter\u00f6re kar\u015f\u0131 zaferin sa\u011flanmas\u0131 &hellip;<\/p>\n","protected":false},"author":1,"featured_media":54651,"comment_status":"closed","ping_status":"closed","sticky":false,"template":"","format":"standard","meta":{"footnotes":""},"categories":[556,559,17988,2554,2555],"tags":[18017],"class_list":["post-54650","post","type-post","status-publish","format-standard","has-post-thumbnail","","category-basin","category-dunya-basini","category-son-haberler","category-suriye-ve-dunya","category-suriye-ve-turkiye","tag-erdogan-rejimi-insan-ticareti-yapiyor"],"_links":{"self":[{"href":"https:\/\/archive.sana.sy\/tr\/index.php?rest_route=\/wp\/v2\/posts\/54650","targetHints":{"allow":["GET"]}}],"collection":[{"href":"https:\/\/archive.sana.sy\/tr\/index.php?rest_route=\/wp\/v2\/posts"}],"about":[{"href":"https:\/\/archive.sana.sy\/tr\/index.php?rest_route=\/wp\/v2\/types\/post"}],"author":[{"embeddable":true,"href":"https:\/\/archive.sana.sy\/tr\/index.php?rest_route=\/wp\/v2\/users\/1"}],"replies":[{"embeddable":true,"href":"https:\/\/archive.sana.sy\/tr\/index.php?rest_route=%2Fwp%2Fv2%2Fcomments&post=54650"}],"version-history":[{"count":0,"href":"https:\/\/archive.sana.sy\/tr\/index.php?rest_route=\/wp\/v2\/posts\/54650\/revisions"}],"wp:featuredmedia":[{"embeddable":true,"href":"https:\/\/archive.sana.sy\/tr\/index.php?rest_route=\/wp\/v2\/media\/54651"}],"wp:attachment":[{"href":"https:\/\/archive.sana.sy\/tr\/index.php?rest_route=%2Fwp%2Fv2%2Fmedia&parent=54650"}],"wp:term":[{"taxonomy":"category","embeddable":true,"href":"https:\/\/archive.sana.sy\/tr\/index.php?rest_route=%2Fwp%2Fv2%2Fcategories&post=54650"},{"taxonomy":"post_tag","embeddable":true,"href":"https:\/\/archive.sana.sy\/tr\/index.php?rest_route=%2Fwp%2Fv2%2Ftags&post=54650"}],"curies":[{"name":"wp","href":"https:\/\/api.w.org\/{rel}","templated":true}]}}