{"id":54693,"date":"2015-12-08T09:50:22","date_gmt":"2015-12-08T07:50:22","guid":{"rendered":"http:\/\/www.sana.sy\/tr\/?p=54693"},"modified":"2015-12-08T13:22:20","modified_gmt":"2015-12-08T11:22:20","slug":"kanada-abd-koalisyonundan-cekiliyor-2","status":"publish","type":"post","link":"https:\/\/archive.sana.sy\/tr\/?p=54693","title":{"rendered":"Kanada ABD Koalisyonundan \u00c7ekiliyor"},"content":{"rendered":"<p>OTTOWA \u2013 Kanada D\u0131\u015fi\u015fleri Bakan\u0131 Stephane Dion \u00fclkesinin ABD\u2019nin \u2018I\u015e\u0130D\u2019e kar\u015f\u0131 sava\u015f\u2019 bahanesi alt\u0131nda te\u015fkil etti\u011fi uluslar aras\u0131 koalisyondan birka\u00e7 hafta i\u00e7inde \u00e7ekilece\u011fini ilan etti.<\/p>\n<p>Reuters Ajans\u0131n\u0131n aktard\u0131\u011f\u0131 a\u00e7\u0131klamalar\u0131nda Dion Kanada\u2019da te\u015fkil edilen yeni h\u00fck\u00fcmetin se\u00e7im propagandas\u0131nda halk\u0131na verdi\u011fi vaatler kapsam\u0131nda k\u0131sa s\u00fcre i\u00e7inde ABD komutas\u0131ndaki koalisyondan \u00e7ekilme icraatlar\u0131n\u0131 ba\u015flataca\u011f\u0131n\u0131 belirtti. Dion Kana\u2019dan\u0131n koalisyonda bulunan 6 u\u00e7akla d\u00fczenlenen operasyonlar\u0131n %02\u2019sini ger\u00e7ekle\u015ftirdi\u011fine i\u015faret etti.<\/p>\n<p>R.H.<\/p>\n","protected":false},"excerpt":{"rendered":"<p>OTTOWA \u2013 Kanada D\u0131\u015fi\u015fleri Bakan\u0131 Stephane Dion \u00fclkesinin ABD\u2019nin \u2018I\u015e\u0130D\u2019e kar\u015f\u0131 sava\u015f\u2019 bahanesi alt\u0131nda te\u015fkil etti\u011fi uluslar aras\u0131 koalisyondan birka\u00e7 hafta i\u00e7inde \u00e7ekilece\u011fini ilan etti. Reuters Ajans\u0131n\u0131n aktard\u0131\u011f\u0131 a\u00e7\u0131klamalar\u0131nda Dion Kanada\u2019da te\u015fkil edilen yeni h\u00fck\u00fcmetin se\u00e7im propagandas\u0131nda halk\u0131na verdi\u011fi vaatler kapsam\u0131nda k\u0131sa s\u00fcre i\u00e7inde ABD komutas\u0131ndaki koalisyondan \u00e7ekilme icraatlar\u0131n\u0131 ba\u015flataca\u011f\u0131n\u0131 belirtti. Dion Kana\u2019dan\u0131n koalisyonda bulunan &hellip;<\/p>\n","protected":false},"author":1,"featured_media":54694,"comment_status":"closed","ping_status":"closed","sticky":false,"template":"","format":"standard","meta":{"footnotes":""},"categories":[458,459,17988],"tags":[18019],"class_list":["post-54693","post","type-post","status-publish","format-standard","has-post-thumbnail","","category-dunya1","category-haberler-arap-uluslararasi-politika","category-son-haberler","tag-kanada-abd-koalisyonundan-cekiliyor"],"_links":{"self":[{"href":"https:\/\/archive.sana.sy\/tr\/index.php?rest_route=\/wp\/v2\/posts\/54693","targetHints":{"allow":["GET"]}}],"collection":[{"href":"https:\/\/archive.sana.sy\/tr\/index.php?rest_route=\/wp\/v2\/posts"}],"about":[{"href":"https:\/\/archive.sana.sy\/tr\/index.php?rest_route=\/wp\/v2\/types\/post"}],"author":[{"embeddable":true,"href":"https:\/\/archive.sana.sy\/tr\/index.php?rest_route=\/wp\/v2\/users\/1"}],"replies":[{"embeddable":true,"href":"https:\/\/archive.sana.sy\/tr\/index.php?rest_route=%2Fwp%2Fv2%2Fcomments&post=54693"}],"version-history":[{"count":0,"href":"https:\/\/archive.sana.sy\/tr\/index.php?rest_route=\/wp\/v2\/posts\/54693\/revisions"}],"wp:featuredmedia":[{"embeddable":true,"href":"https:\/\/archive.sana.sy\/tr\/index.php?rest_route=\/wp\/v2\/media\/54694"}],"wp:attachment":[{"href":"https:\/\/archive.sana.sy\/tr\/index.php?rest_route=%2Fwp%2Fv2%2Fmedia&parent=54693"}],"wp:term":[{"taxonomy":"category","embeddable":true,"href":"https:\/\/archive.sana.sy\/tr\/index.php?rest_route=%2Fwp%2Fv2%2Fcategories&post=54693"},{"taxonomy":"post_tag","embeddable":true,"href":"https:\/\/archive.sana.sy\/tr\/index.php?rest_route=%2Fwp%2Fv2%2Ftags&post=54693"}],"curies":[{"name":"wp","href":"https:\/\/api.w.org\/{rel}","templated":true}]}}