{"id":54696,"date":"2015-12-08T13:44:44","date_gmt":"2015-12-08T11:44:44","guid":{"rendered":"http:\/\/www.sana.sy\/tr\/?p=54696"},"modified":"2015-12-08T13:44:44","modified_gmt":"2015-12-08T11:44:44","slug":"uc-surecle-hayata-gecirilecek","status":"publish","type":"post","link":"https:\/\/archive.sana.sy\/tr\/?p=54696","title":{"rendered":"\u00dc\u00e7 S\u00fcre\u00e7le Hayata Ge\u00e7irilecek"},"content":{"rendered":"<p>HOMS \u2013 Homs Valisi Telal el Berazi Homs Kentinin Vaer Semtinde \u00fcst\u00fcne anla\u015f\u0131lan uzla\u015fmay\u0131 hayata ge\u00e7irme \u00e7al\u0131\u015fmalar\u0131n\u0131n devam etti\u011fini belirtti.<\/p>\n<p>Bug\u00fcn SANA\u2019ya a\u00e7\u0131klama yapan Vali Berazi; Vaer Semtinde bulunan t\u00fcm silahl\u0131lar\u0131n silahlar\u0131n\u0131 teslim etmeleri ve semtin tamamen ter\u00f6rden temizlenmesiyle birlikte devlet daireleri ve kurumlar\u0131n\u0131n yeniden semtte faaliyetlerine ba\u015flamas\u0131n\u0131 hedefleyen \u00e7al\u0131\u015fmalar\u0131n h\u0131zl\u0131 bir \u015fekilde devam etti\u011fini s\u00f6yledi.<\/p>\n<p>Vali Berazi uzla\u015fma noktalar\u0131n\u0131n tespit edilmesi ard\u0131ndan 15 g\u00fcnden ibaret ilk s\u00fcrecin ba\u015flat\u0131ld\u0131\u011f\u0131n\u0131 ifade ederken, bu s\u00fcre\u00e7te ate\u015fkesin sa\u011flanmas\u0131 ve semte g\u0131da maddelerinin ge\u00e7irilmekte oldu\u011funu ifade etti. BU s\u00fcre\u00e7 i\u00e7inde ayr\u0131ca ilgili komitelerin ka\u00e7\u0131r\u0131lan ve rehine al\u0131nanlar\u0131n ayn\u0131 s\u0131ra g\u00f6z alt\u0131na al\u0131nanlar\u0131n durumunu inceleyeceklerini s\u00f6yleyen Berazi, semtte bulunan \u2018radikal silahl\u0131lar\u0131n\u2019 ilk grubunun bu hafta sonlar\u0131nda semt d\u0131\u015f\u0131na \u00e7\u0131kmalar\u0131n\u0131n beklendi\u011fini a\u00e7\u0131klad\u0131.<\/p>\n<p>Vali Berazi semtten \u00e7\u0131kmak yada teslim olmak isteyen \u2018silahl\u0131lara\u2019 bu konuda f\u0131rsat verildi\u011fini belirtirken, semtten \u00e7\u0131kacak silahl\u0131lara sadece hafif silah ta\u015f\u0131ma izni verilece\u011fini, di\u011fer t\u00fcm silahlar\u0131n\u0131 teslim edeceklerini s\u00f6yledi.<\/p>\n<p>Uzla\u015fman\u0131n ikinci s\u00fcrecinde ailelerine ve normal ya\u015famlar\u0131na d\u00f6nmek isteyen \u2018silahl\u0131lar\u0131n\u2019 kanuni durumlar\u0131n\u0131n yeniden d\u00fczenlenece\u011fini ifade eden Berazi; ikinci ve \u00fc\u00e7\u00fcnc\u00fc s\u00fcre\u00e7te semt ahalisinin evlerine d\u00f6nmeye ve devlet dairelerinin hizmete ba\u015flayaca\u011f\u0131n\u0131 s\u00f6yledi. Beraz \u00fc\u00e7\u00fcnc\u00fc s\u00fcrecin sonunda Vaer Semtinin ter\u00f6r ve ter\u00f6ristlerden tamamen ar\u0131nm\u0131\u015f olup devletin kontrol\u00fc ve idaresinde olaca\u011f\u0131n\u0131 s\u00f6zlerine ekledi.<\/p>\n<p>R.H.<\/p>\n","protected":false},"excerpt":{"rendered":"<p>HOMS \u2013 Homs Valisi Telal el Berazi Homs Kentinin Vaer Semtinde \u00fcst\u00fcne anla\u015f\u0131lan uzla\u015fmay\u0131 hayata ge\u00e7irme \u00e7al\u0131\u015fmalar\u0131n\u0131n devam etti\u011fini belirtti. Bug\u00fcn SANA\u2019ya a\u00e7\u0131klama yapan Vali Berazi; Vaer Semtinde bulunan t\u00fcm silahl\u0131lar\u0131n silahlar\u0131n\u0131 teslim etmeleri ve semtin tamamen ter\u00f6rden temizlenmesiyle birlikte devlet daireleri ve kurumlar\u0131n\u0131n yeniden semtte faaliyetlerine ba\u015flamas\u0131n\u0131 hedefleyen \u00e7al\u0131\u015fmalar\u0131n h\u0131zl\u0131 bir \u015fekilde devam etti\u011fini &hellip;<\/p>\n","protected":false},"author":1,"featured_media":54697,"comment_status":"closed","ping_status":"closed","sticky":false,"template":"","format":"standard","meta":{"footnotes":""},"categories":[479,575,17988,478],"tags":[18020],"class_list":["post-54696","post","type-post","status-publish","format-standard","has-post-thumbnail","","category-haberler-yerel","category-olaylar-ve-gercekler","category-son-haberler","category-yerel","tag-uc-surecle-hayata-gecirilecek"],"_links":{"self":[{"href":"https:\/\/archive.sana.sy\/tr\/index.php?rest_route=\/wp\/v2\/posts\/54696","targetHints":{"allow":["GET"]}}],"collection":[{"href":"https:\/\/archive.sana.sy\/tr\/index.php?rest_route=\/wp\/v2\/posts"}],"about":[{"href":"https:\/\/archive.sana.sy\/tr\/index.php?rest_route=\/wp\/v2\/types\/post"}],"author":[{"embeddable":true,"href":"https:\/\/archive.sana.sy\/tr\/index.php?rest_route=\/wp\/v2\/users\/1"}],"replies":[{"embeddable":true,"href":"https:\/\/archive.sana.sy\/tr\/index.php?rest_route=%2Fwp%2Fv2%2Fcomments&post=54696"}],"version-history":[{"count":0,"href":"https:\/\/archive.sana.sy\/tr\/index.php?rest_route=\/wp\/v2\/posts\/54696\/revisions"}],"wp:featuredmedia":[{"embeddable":true,"href":"https:\/\/archive.sana.sy\/tr\/index.php?rest_route=\/wp\/v2\/media\/54697"}],"wp:attachment":[{"href":"https:\/\/archive.sana.sy\/tr\/index.php?rest_route=%2Fwp%2Fv2%2Fmedia&parent=54696"}],"wp:term":[{"taxonomy":"category","embeddable":true,"href":"https:\/\/archive.sana.sy\/tr\/index.php?rest_route=%2Fwp%2Fv2%2Fcategories&post=54696"},{"taxonomy":"post_tag","embeddable":true,"href":"https:\/\/archive.sana.sy\/tr\/index.php?rest_route=%2Fwp%2Fv2%2Ftags&post=54696"}],"curies":[{"name":"wp","href":"https:\/\/api.w.org\/{rel}","templated":true}]}}