{"id":54714,"date":"2015-12-08T14:57:43","date_gmt":"2015-12-08T12:57:43","guid":{"rendered":"http:\/\/www.sana.sy\/tr\/?p=54714"},"modified":"2015-12-08T14:57:43","modified_gmt":"2015-12-08T12:57:43","slug":"erdogan-ve-ailesi-iside-gunde-3-milyon-dolar-sagliyor","status":"publish","type":"post","link":"https:\/\/archive.sana.sy\/tr\/?p=54714","title":{"rendered":"Erdo\u011fan ve Ailesi I\u015e\u0130D\u2019e G\u00fcnde 3 Milyon Dolar Sa\u011fl\u0131yor"},"content":{"rendered":"<p>CENEVRE \u2013 \u0130svi\u00e7re&#8217;de Tribune de Geneve Gazetesi T\u00fcrkiye&#8217;nin Suriye&#8217;ye ak\u0131n eden binlerce yabanc\u0131 ter\u00f6rist i\u00e7in g\u00fcvenli ve destekli ana ge\u00e7it te\u015fkil etti\u011fine dikkat \u00e7ekerken, I\u015e\u0130D\u2019in Suriye&#8217;den gasp etti\u011fi petrol ve pamuk dahil t\u00fcm zenginlikleri ka\u00e7\u0131rmas\u0131 i\u00e7in g\u00fcvenli ve temel bir nokta temin etti\u011fini belirtti.<\/p>\n<p>Gazete d\u00fcnk\u00fc say\u0131s\u0131nda yay\u0131nlad\u0131\u011f\u0131 makalede; I\u015e\u0130D ter\u00f6r \u00f6rg\u00fct\u00fcn\u00fcn Suriye&#8217;den gasp etti\u011fi petrol ve tarihi eserlere ilaveten ayn\u0131 zamanda pamuk \u00fcretiminde d\u00fcnyan\u0131n ilk s\u0131ralar\u0131nda yer alan Suriye&#8217;den pamuk gasp edip T\u00fcrkiye&#8217;de satt\u0131\u011f\u0131n\u0131 belirtti. I\u015e\u0130D\u2019in t\u00fcm bu gayr\u0131 me\u015fru ticaretini T\u00fcrkiye \u00fczerinden ve T\u00fcrkiye rejiminin deste\u011fi ile yapt\u0131\u011f\u0131na vurgu yap\u0131lan makalede; d\u00fcnya halklar\u0131n\u0131n tehdit eden bu tekfirci \u00f6rg\u00fct\u00fcn s\u00f6z konusu ticaretten sa\u011flad\u0131\u011f\u0131 finans hacminin b\u00fcy\u00fckl\u00fc\u011f\u00fcne \u0131\u015f\u0131k tuttu.<\/p>\n<p>I\u015e\u0130D\u2019in T\u00fcrkiye&#8217;deki rejimin deste\u011fi ile gasp edip satt\u0131\u011f\u0131 Suriye pamu\u011fundan elde etti\u011fi paran\u0131n \u00e7al\u0131nt\u0131 petrol sat\u0131\u015f\u0131ndan elde etti\u011fi g\u00fcnl\u00fck ortalama iki milyon dolara eklendi\u011fini belirten gazete; I\u015e\u0130D\u2019in Erdo\u011fan ve ailesine petrol varilini yar\u0131 fiyat\u0131na satt\u0131\u011f\u0131n\u0131n da bilindi\u011fini kaydetti.<\/p>\n<p>Gazete makalesinde I\u015e\u0130D\u2019in Erdo\u011fan rejiminin i\u015fbirli\u011fi ile ger\u00e7ekle\u015ftirdi\u011fi bu yasa d\u0131\u015f\u0131 ticaretten g\u00fcnde ortalama 3 milyon dolar finans elde etti\u011fini, bu paralar\u0131 da ter\u00f6r eylemleri ve vah\u015fetleri i\u00e7in silah ve m\u00fchimmat temin etmede kulland\u0131\u011f\u0131n\u0131 ifade etti.<\/p>\n<p>T\u00fcrkiye&#8217;de rejim ba\u015fkan\u0131 Recep Tayip Erdo\u011fan\u2019\u0131n Suriye&#8217;den \u00e7al\u0131\u015fan petrol ve tarihi eserlerin ticaretini yapmak i\u00e7in I\u015e\u0130D liderleri ile kendi ailesi aras\u0131nda ortak bir \u015firket kurdu\u011funu ifade eden istihbarat ve medya raporlar\u0131 bulunuyor. Bu raporlarda Erdo\u011fan ve ailesinin I\u015e\u0130D liderleriyle i\u015fbirli\u011fi i\u00e7inde Suriye halk\u0131n\u0131n zenginliklerini gasp etti\u011fi belgelerle ifade ediliyor.<\/p>\n<p>T\u00fcrkiye rejimi t\u00fcm bu ger\u00e7ekleri inkar etmeye \u00e7al\u0131\u015fsa veya I\u015e\u0130D ile anla\u015fmazl\u0131k i\u00e7inde olup ona kar\u015f\u0131 sava\u015ft\u0131\u011f\u0131 imac\u0131 vermeye \u00e7al\u0131\u015fsa da iki taraf aras\u0131ndaki ticari, siyasi ve ideolojik ba\u011flant\u0131lar kan\u0131tlanm\u0131\u015ft\u0131r.<\/p>\n","protected":false},"excerpt":{"rendered":"<p>CENEVRE \u2013 \u0130svi\u00e7re&#8217;de Tribune de Geneve Gazetesi T\u00fcrkiye&#8217;nin Suriye&#8217;ye ak\u0131n eden binlerce yabanc\u0131 ter\u00f6rist i\u00e7in g\u00fcvenli ve destekli ana ge\u00e7it te\u015fkil etti\u011fine dikkat \u00e7ekerken, I\u015e\u0130D\u2019in Suriye&#8217;den gasp etti\u011fi petrol ve pamuk dahil t\u00fcm zenginlikleri ka\u00e7\u0131rmas\u0131 i\u00e7in g\u00fcvenli ve temel bir nokta temin etti\u011fini belirtti. Gazete d\u00fcnk\u00fc say\u0131s\u0131nda yay\u0131nlad\u0131\u011f\u0131 makalede; I\u015e\u0130D ter\u00f6r \u00f6rg\u00fct\u00fcn\u00fcn Suriye&#8217;den gasp etti\u011fi &hellip;<\/p>\n","protected":false},"author":1,"featured_media":54715,"comment_status":"closed","ping_status":"closed","sticky":false,"template":"","format":"standard","meta":{"footnotes":""},"categories":[556,559,17988,2554,2555],"tags":[18023],"class_list":["post-54714","post","type-post","status-publish","format-standard","has-post-thumbnail","","category-basin","category-dunya-basini","category-son-haberler","category-suriye-ve-dunya","category-suriye-ve-turkiye","tag-erdogan-ve-ailesi-iside-gunde-3-milyon-dolar-sagliyor"],"_links":{"self":[{"href":"https:\/\/archive.sana.sy\/tr\/index.php?rest_route=\/wp\/v2\/posts\/54714","targetHints":{"allow":["GET"]}}],"collection":[{"href":"https:\/\/archive.sana.sy\/tr\/index.php?rest_route=\/wp\/v2\/posts"}],"about":[{"href":"https:\/\/archive.sana.sy\/tr\/index.php?rest_route=\/wp\/v2\/types\/post"}],"author":[{"embeddable":true,"href":"https:\/\/archive.sana.sy\/tr\/index.php?rest_route=\/wp\/v2\/users\/1"}],"replies":[{"embeddable":true,"href":"https:\/\/archive.sana.sy\/tr\/index.php?rest_route=%2Fwp%2Fv2%2Fcomments&post=54714"}],"version-history":[{"count":0,"href":"https:\/\/archive.sana.sy\/tr\/index.php?rest_route=\/wp\/v2\/posts\/54714\/revisions"}],"wp:featuredmedia":[{"embeddable":true,"href":"https:\/\/archive.sana.sy\/tr\/index.php?rest_route=\/wp\/v2\/media\/54715"}],"wp:attachment":[{"href":"https:\/\/archive.sana.sy\/tr\/index.php?rest_route=%2Fwp%2Fv2%2Fmedia&parent=54714"}],"wp:term":[{"taxonomy":"category","embeddable":true,"href":"https:\/\/archive.sana.sy\/tr\/index.php?rest_route=%2Fwp%2Fv2%2Fcategories&post=54714"},{"taxonomy":"post_tag","embeddable":true,"href":"https:\/\/archive.sana.sy\/tr\/index.php?rest_route=%2Fwp%2Fv2%2Ftags&post=54714"}],"curies":[{"name":"wp","href":"https:\/\/api.w.org\/{rel}","templated":true}]}}